{"id":5248,"date":"2025-09-22T06:00:00","date_gmt":"2025-09-22T10:00:00","guid":{"rendered":"https:\/\/blogue.collection-souvenir.com\/?p=5248"},"modified":"2026-04-30T10:20:29","modified_gmt":"2026-04-30T14:20:29","slug":"souvenirs-tangibles-dans-le-processus-de-deuil","status":"publish","type":"post","link":"https:\/\/blogue.collection-souvenir.com\/en\/2025\/09\/22\/souvenirs-tangibles-dans-le-processus-de-deuil\/","title":{"rendered":"La puissance des souvenirs tangibles dans le processus de deuil"},"content":{"rendered":"<div data-elementor-type=\"wp-post\" data-elementor-id=\"5248\" class=\"elementor elementor-5248\">\n\t\t\t\t\t\t<section class=\"elementor-section elementor-top-section elementor-element elementor-element-a082060 elementor-section-boxed elementor-section-height-default elementor-section-height-default\" data-id=\"a082060\" data-element_type=\"section\" data-e-type=\"section\">\n\t\t\t\t\t\t<div class=\"elementor-container elementor-column-gap-default\">\n\t\t\t\t\t<div class=\"elementor-column elementor-col-100 elementor-top-column elementor-element elementor-element-51b5a9a\" data-id=\"51b5a9a\" data-element_type=\"column\" data-e-type=\"column\">\n\t\t\t<div class=\"elementor-widget-wrap elementor-element-populated\">\n\t\t\t\t\t\t<div class=\"elementor-element elementor-element-5d150d3 e-grid-align-left elementor-shape-rounded elementor-grid-0 elementor-widget elementor-widget-social-icons\" data-id=\"5d150d3\" data-element_type=\"widget\" data-e-type=\"widget\" data-widget_type=\"social-icons.default\">\n\t\t\t\t<div class=\"elementor-widget-container\">\n\t\t\t\t\t\t\t<div class=\"elementor-social-icons-wrapper elementor-grid\" role=\"list\">\n\t\t\t\t\t\t\t<span class=\"elementor-grid-item\" role=\"listitem\">\n\t\t\t\t\t<a class=\"elementor-icon elementor-social-icon elementor-social-icon-facebook elementor-repeater-item-efdd7b0\" href=\"https:\/\/www.facebook.com\/sharer\/sharer.php?u=https:\/\/blogue.collection-souvenir.com\/2025\/09\/22\/souvenirs-tangibles-dans-le-processus-de-deuil\/\" target=\"_blank\">\n\t\t\t\t\t\t<span class=\"elementor-screen-only\">Facebook<\/span>\n\t\t\t\t\t\t<i aria-hidden=\"true\" class=\"fab fa-facebook\"><\/i>\t\t\t\t\t<\/a>\n\t\t\t\t<\/span>\n\t\t\t\t\t\t\t<span class=\"elementor-grid-item\" role=\"listitem\">\n\t\t\t\t\t<a class=\"elementor-icon elementor-social-icon elementor-social-icon-linkedin elementor-repeater-item-7994428\" href=\"https:\/\/www.linkedin.com\/sharing\/share-offsite\/?url=https:\/\/blogue.collection-souvenir.com\/2025\/09\/22\/souvenirs-tangibles-dans-le-processus-de-deuil\/\" target=\"_blank\">\n\t\t\t\t\t\t<span class=\"elementor-screen-only\">Linkedin<\/span>\n\t\t\t\t\t\t<i aria-hidden=\"true\" class=\"fab fa-linkedin\"><\/i>\t\t\t\t\t<\/a>\n\t\t\t\t<\/span>\n\t\t\t\t\t<\/div>\n\t\t\t\t\t\t<\/div>\n\t\t\t\t<\/div>\n\t\t\t\t<div class=\"elementor-element elementor-element-68ca723 elementor-widget elementor-widget-heading\" data-id=\"68ca723\" data-element_type=\"widget\" data-e-type=\"widget\" data-widget_type=\"heading.default\">\n\t\t\t\t<div class=\"elementor-widget-container\">\n\t\t\t\t\t<h1 class=\"elementor-heading-title elementor-size-default\">La puissance des souvenirs tangibles dans le processus de deuil<\/h1>\t\t\t\t<\/div>\n\t\t\t\t<\/div>\n\t\t\t\t<div class=\"elementor-element elementor-element-71d5c89 elementor-widget elementor-widget-image\" data-id=\"71d5c89\" data-element_type=\"widget\" data-e-type=\"widget\" data-widget_type=\"image.default\">\n\t\t\t\t<div class=\"elementor-widget-container\">\n\t\t\t\t\t\t\t\t\t\t\t\t\t\t\t<img fetchpriority=\"high\" decoding=\"async\" width=\"768\" height=\"431\" src=\"https:\/\/blogue.collection-souvenir.com\/wp-content\/uploads\/2025\/09\/la_puissance_des_souvenirs_tangibles_dans_le_processus_de_deuil-768x431.jpg\" class=\"attachment-medium_large size-medium_large wp-image-5251\" alt=\"\" srcset=\"https:\/\/blogue.collection-souvenir.com\/wp-content\/uploads\/2025\/09\/la_puissance_des_souvenirs_tangibles_dans_le_processus_de_deuil-768x431.jpg 768w, https:\/\/blogue.collection-souvenir.com\/wp-content\/uploads\/2025\/09\/la_puissance_des_souvenirs_tangibles_dans_le_processus_de_deuil-300x168.jpg 300w, https:\/\/blogue.collection-souvenir.com\/wp-content\/uploads\/2025\/09\/la_puissance_des_souvenirs_tangibles_dans_le_processus_de_deuil-1024x574.jpg 1024w, https:\/\/blogue.collection-souvenir.com\/wp-content\/uploads\/2025\/09\/la_puissance_des_souvenirs_tangibles_dans_le_processus_de_deuil-18x10.jpg 18w, https:\/\/blogue.collection-souvenir.com\/wp-content\/uploads\/2025\/09\/la_puissance_des_souvenirs_tangibles_dans_le_processus_de_deuil.jpg 1077w\" sizes=\"(max-width: 768px) 100vw, 768px\" \/>\t\t\t\t\t\t\t\t\t\t\t\t\t\t\t<\/div>\n\t\t\t\t<\/div>\n\t\t\t\t<div class=\"elementor-element elementor-element-e94d45e elementor-widget elementor-widget-text-editor\" data-id=\"e94d45e\" data-element_type=\"widget\" data-e-type=\"widget\" data-widget_type=\"text-editor.default\">\n\t\t\t\t<div class=\"elementor-widget-container\">\n\t\t\t\t\t\t\t\t\t<p><em><span style=\"font-weight: 400;\">Le deuil est une exp\u00e9rience universelle, mais il demeure profond\u00e9ment intime et unique pour chaque individu. \u00c0 travers l\u2019histoire et les cultures, les souvenirs tangibles \u2013 tels que les objets comm\u00e9moratifs, les photos ou les artefacts \u2013 ont aid\u00e9 les endeuill\u00e9s \u00e0 naviguer dans la douleur et \u00e0 pr\u00e9server les souvenirs des \u00eatres chers disparus. Ces objets transcendent leur nature mat\u00e9rielle, devenant des ponts entre m\u00e9moire et \u00e9motion, entre pass\u00e9 et pr\u00e9sent.<\/span><\/em><\/p><p><em><span style=\"font-weight: 400;\">Dans cet article, nous explorons comment ces \u00e9l\u00e9ments jouent un r\u00f4le essentiel dans le processus de deuil, qu\u2019ils soient ancr\u00e9s dans des pratiques traditionnelles ou fa\u00e7onn\u00e9s par les innovations contemporaines.<\/span><\/em><\/p>\t\t\t\t\t\t\t\t<\/div>\n\t\t\t\t<\/div>\n\t\t\t\t<div class=\"elementor-element elementor-element-82e6943 elementor-widget elementor-widget-heading\" data-id=\"82e6943\" data-element_type=\"widget\" data-e-type=\"widget\" data-widget_type=\"heading.default\">\n\t\t\t\t<div class=\"elementor-widget-container\">\n\t\t\t\t\t<h2 class=\"elementor-heading-title elementor-size-default\">Le r\u00f4le des souvenirs tangibles dans le deuil<\/h2>\t\t\t\t<\/div>\n\t\t\t\t<\/div>\n\t\t\t\t<div class=\"elementor-element elementor-element-6e77d80 elementor-widget elementor-widget-text-editor\" data-id=\"6e77d80\" data-element_type=\"widget\" data-e-type=\"widget\" data-widget_type=\"text-editor.default\">\n\t\t\t\t<div class=\"elementor-widget-container\">\n\t\t\t\t\t\t\t\t\t<p><span style=\"font-weight: 400;\">Les souvenirs tangibles permettent aux individus de maintenir un lien avec leurs proches d\u00e9c\u00e9d\u00e9s. Ces objets deviennent des symboles d\u2019amour, de connexion et de continuit\u00e9. Selon le mod\u00e8le de Worden sur les t\u00e2ches du deuil, la capacit\u00e9 de maintenir un lien symbolique avec le d\u00e9funt est cruciale pour r\u00e9organiser sa vie apr\u00e8s une perte.<\/span><\/p><p><span style=\"font-weight: 400;\">Les portraits comm\u00e9moratifs, bijoux grav\u00e9s, ou signets personnalis\u00e9s remplissent cet objectif. Ils ne se contentent pas de mat\u00e9rialiser le souvenir\u202f; ils incarnent aussi un support \u00e9motionnel qui apaise les c\u0153urs.<\/span><\/p>\t\t\t\t\t\t\t\t<\/div>\n\t\t\t\t<\/div>\n\t\t\t\t<div class=\"elementor-element elementor-element-5e40f36 elementor-widget elementor-widget-heading\" data-id=\"5e40f36\" data-element_type=\"widget\" data-e-type=\"widget\" data-widget_type=\"heading.default\">\n\t\t\t\t<div class=\"elementor-widget-container\">\n\t\t\t\t\t<h2 class=\"elementor-heading-title elementor-size-default\">Cr\u00e9er un ancrage \u00e9motionnel<\/h2>\t\t\t\t<\/div>\n\t\t\t\t<\/div>\n\t\t\t\t<div class=\"elementor-element elementor-element-648e40a elementor-widget elementor-widget-text-editor\" data-id=\"648e40a\" data-element_type=\"widget\" data-e-type=\"widget\" data-widget_type=\"text-editor.default\">\n\t\t\t\t<div class=\"elementor-widget-container\">\n\t\t\t\t\t\t\t\t\t<p><span style=\"font-weight: 400;\">Un objet tangible peut devenir un point d\u2019ancrage \u00e9motionnel dans le chaos qu\u2019engendre le deuil. Par exemple, allumer une bougie pour un proche disparu symbolise sa pr\u00e9sence spirituelle. De tels rituels, simples mais puissants, offrent r\u00e9confort et structure aux endeuill\u00e9s.<\/span><\/p><p><span style=\"font-weight: 400;\">Les traditions religieuses et culturelles abondent en exemples\u202f:<\/span><\/p><ul><li style=\"font-weight: 400;\" aria-level=\"1\"><span style=\"font-weight: 400;\">Les autels familiaux dans les cultures asiatiques, d\u00e9cor\u00e9s de photos et d\u2019objets personnels.<\/span><\/li><li style=\"font-weight: 400;\" aria-level=\"1\"><span style=\"font-weight: 400;\">Les objets laiss\u00e9s sur les tombes, comme des fleurs ou des lettres, dans de nombreuses traditions occidentales.<\/span><\/li><\/ul><p><span style=\"font-weight: 400;\">Ces gestes soulignent combien les souvenirs tangibles permettent aux individus de transformer une perte en une m\u00e9moire vivante.<\/span><\/p>\t\t\t\t\t\t\t\t<\/div>\n\t\t\t\t<\/div>\n\t\t\t\t<div class=\"elementor-element elementor-element-5cff70c elementor-widget elementor-widget-heading\" data-id=\"5cff70c\" data-element_type=\"widget\" data-e-type=\"widget\" data-widget_type=\"heading.default\">\n\t\t\t\t<div class=\"elementor-widget-container\">\n\t\t\t\t\t<h2 class=\"elementor-heading-title elementor-size-default\">Encourager l'expression du souvenir<\/h2>\t\t\t\t<\/div>\n\t\t\t\t<\/div>\n\t\t\t\t<div class=\"elementor-element elementor-element-9c2c7d4 elementor-widget elementor-widget-text-editor\" data-id=\"9c2c7d4\" data-element_type=\"widget\" data-e-type=\"widget\" data-widget_type=\"text-editor.default\">\n\t\t\t\t<div class=\"elementor-widget-container\">\n\t\t\t\t\t\t\t\t\t<p><span style=\"font-weight: 400;\">Les souvenirs tangibles ne sont pas seulement des rappels physiques\u202f; ils facilitent aussi l\u2019expression du souvenir. Une photo, un objet ou une lettre peut inciter une conversation sur le d\u00e9funt, rappelant ses traits, ses passions et ses moments marquants.<\/span><\/p>\t\t\t\t\t\t\t\t<\/div>\n\t\t\t\t<\/div>\n\t\t\t\t<div class=\"elementor-element elementor-element-03941f8 elementor-widget elementor-widget-heading\" data-id=\"03941f8\" data-element_type=\"widget\" data-e-type=\"widget\" data-widget_type=\"heading.default\">\n\t\t\t\t<div class=\"elementor-widget-container\">\n\t\t\t\t\t<h2 class=\"elementor-heading-title elementor-size-default\">Partage et dialogue autour des souvenirs<\/h2>\t\t\t\t<\/div>\n\t\t\t\t<\/div>\n\t\t\t\t<div class=\"elementor-element elementor-element-113e091 elementor-widget elementor-widget-text-editor\" data-id=\"113e091\" data-element_type=\"widget\" data-e-type=\"widget\" data-widget_type=\"text-editor.default\">\n\t\t\t\t<div class=\"elementor-widget-container\">\n\t\t\t\t\t\t\t\t\t<p><span style=\"font-weight: 400;\">Lors de r\u00e9unions familiales ou de c\u00e9r\u00e9monies de comm\u00e9moration, ces objets jouent un r\u00f4le f\u00e9d\u00e9rateur. Ils permettent aux endeuill\u00e9s de partager leur chagrin, d\u2019exprimer leurs \u00e9motions et de normaliser la douleur dans un contexte collectif.<\/span><\/p><p><span style=\"font-weight: 400;\">Ces pratiques sont particuli\u00e8rement importantes pour les enfants, qui trouvent dans ces objets un moyen concret d\u2019appr\u00e9hender la perte.<\/span><\/p>\t\t\t\t\t\t\t\t<\/div>\n\t\t\t\t<\/div>\n\t\t\t\t<div class=\"elementor-element elementor-element-1fd23a1 elementor-widget elementor-widget-heading\" data-id=\"1fd23a1\" data-element_type=\"widget\" data-e-type=\"widget\" data-widget_type=\"heading.default\">\n\t\t\t\t<div class=\"elementor-widget-container\">\n\t\t\t\t\t<h2 class=\"elementor-heading-title elementor-size-default\">Les objets tangibles comme soutien th\u00e9rapeutique<\/h2>\t\t\t\t<\/div>\n\t\t\t\t<\/div>\n\t\t\t\t<div class=\"elementor-element elementor-element-b9e02f6 elementor-widget elementor-widget-text-editor\" data-id=\"b9e02f6\" data-element_type=\"widget\" data-e-type=\"widget\" data-widget_type=\"text-editor.default\">\n\t\t\t\t<div class=\"elementor-widget-container\">\n\t\t\t\t\t\t\t\t\t<p><span style=\"font-weight: 400;\">Les objets comm\u00e9moratifs poss\u00e8dent une valeur th\u00e9rapeutique av\u00e9r\u00e9e. Les experts en th\u00e9rapie du deuil soulignent leur r\u00f4le cathartique dans l\u2019expression des sentiments et la compr\u00e9hension de la perte.<\/span><\/p>\t\t\t\t\t\t\t\t<\/div>\n\t\t\t\t<\/div>\n\t\t\t\t<div class=\"elementor-element elementor-element-637cad8 elementor-widget elementor-widget-heading\" data-id=\"637cad8\" data-element_type=\"widget\" data-e-type=\"widget\" data-widget_type=\"heading.default\">\n\t\t\t\t<div class=\"elementor-widget-container\">\n\t\t\t\t\t<h2 class=\"elementor-heading-title elementor-size-default\">Exemples de th\u00e9rapie par les souvenirs tangibles<\/h2>\t\t\t\t<\/div>\n\t\t\t\t<\/div>\n\t\t\t\t<div class=\"elementor-element elementor-element-f613e65 elementor-widget elementor-widget-text-editor\" data-id=\"f613e65\" data-element_type=\"widget\" data-e-type=\"widget\" data-widget_type=\"text-editor.default\">\n\t\t\t\t<div class=\"elementor-widget-container\">\n\t\t\t\t\t\t\t\t\t<ul><li style=\"font-weight: 400;\" aria-level=\"1\"><b>Bo\u00eetes \u00e0 m\u00e9moire<\/b><span style=\"font-weight: 400;\"> : Ces bo\u00eetes contiennent des objets associ\u00e9s au d\u00e9funt, comme des bijoux, des lettres ou des photographies. Elles servent de refuge \u00e9motionnel pour l\u2019endeuill\u00e9.<\/span><\/li><li style=\"font-weight: 400;\" aria-level=\"1\"><b>Journaux de souvenirs<\/b><span style=\"font-weight: 400;\"> : \u00c9crire ou inclure des objets tangibles dans un journal permet de consigner les \u00e9motions tout en pr\u00e9servant des fragments du pass\u00e9.<\/span><\/li><\/ul><p><span style=\"font-weight: 400;\">Ces approches cr\u00e9ent un espace pour naviguer \u00e0 travers les \u00e9motions et favorisent la gu\u00e9rison.<\/span><\/p>\t\t\t\t\t\t\t\t<\/div>\n\t\t\t\t<\/div>\n\t\t\t\t<div class=\"elementor-element elementor-element-7dc1c9d elementor-widget elementor-widget-heading\" data-id=\"7dc1c9d\" data-element_type=\"widget\" data-e-type=\"widget\" data-widget_type=\"heading.default\">\n\t\t\t\t<div class=\"elementor-widget-container\">\n\t\t\t\t\t<h2 class=\"elementor-heading-title elementor-size-default\">Faciliter les rituels personnels<\/h2>\t\t\t\t<\/div>\n\t\t\t\t<\/div>\n\t\t\t\t<div class=\"elementor-element elementor-element-58e98da elementor-widget elementor-widget-text-editor\" data-id=\"58e98da\" data-element_type=\"widget\" data-e-type=\"widget\" data-widget_type=\"text-editor.default\">\n\t\t\t\t<div class=\"elementor-widget-container\">\n\t\t\t\t\t\t\t\t\t<p><span style=\"font-weight: 400;\">Les rituels autour des souvenirs tangibles structurent le processus de deuil, en offrant des moments d\u00e9di\u00e9s pour honorer le d\u00e9funt. Ces pratiques varient largement selon les cultures et les croyances.<\/span><\/p>\t\t\t\t\t\t\t\t<\/div>\n\t\t\t\t<\/div>\n\t\t\t\t<div class=\"elementor-element elementor-element-8aeff55 elementor-widget elementor-widget-heading\" data-id=\"8aeff55\" data-element_type=\"widget\" data-e-type=\"widget\" data-widget_type=\"heading.default\">\n\t\t\t\t<div class=\"elementor-widget-container\">\n\t\t\t\t\t<h2 class=\"elementor-heading-title elementor-size-default\">Exemples de rituels<\/h2>\t\t\t\t<\/div>\n\t\t\t\t<\/div>\n\t\t\t\t<div class=\"elementor-element elementor-element-5bca9d1 elementor-widget elementor-widget-text-editor\" data-id=\"5bca9d1\" data-element_type=\"widget\" data-e-type=\"widget\" data-widget_type=\"text-editor.default\">\n\t\t\t\t<div class=\"elementor-widget-container\">\n\t\t\t\t\t\t\t\t\t<ul><li style=\"font-weight: 400;\" aria-level=\"1\"><b>Autels domestiques<\/b><span style=\"font-weight: 400;\"> : En Asie et en Am\u00e9rique latine, les familles cr\u00e9ent souvent des autels d\u00e9cor\u00e9s avec des objets comm\u00e9moratifs pour maintenir une connexion quotidienne avec leurs proches.<\/span><\/li><li style=\"font-weight: 400;\" aria-level=\"1\"><b>C\u00e9r\u00e9monies de plantation d\u2019arbres<\/b><span style=\"font-weight: 400;\"> : Planter un arbre en m\u00e9moire d\u2019un \u00eatre cher est une pratique \u00e9cologique qui symbolise la vie et la r\u00e9silience.<\/span><\/li><\/ul><p><span style=\"font-weight: 400;\">Ces gestes renforcent l&rsquo;id\u00e9e que le deuil n&rsquo;est pas une s\u00e9paration d\u00e9finitive, mais une continuit\u00e9 dans une autre dimension.<\/span><\/p>\t\t\t\t\t\t\t\t<\/div>\n\t\t\t\t<\/div>\n\t\t\t\t<div class=\"elementor-element elementor-element-d80e0e1 elementor-widget elementor-widget-heading\" data-id=\"d80e0e1\" data-element_type=\"widget\" data-e-type=\"widget\" data-widget_type=\"heading.default\">\n\t\t\t\t<div class=\"elementor-widget-container\">\n\t\t\t\t\t<h2 class=\"elementor-heading-title elementor-size-default\">Renforcer le lien avec la communaut\u00e9<\/h2>\t\t\t\t<\/div>\n\t\t\t\t<\/div>\n\t\t\t\t<div class=\"elementor-element elementor-element-b47ee46 elementor-widget elementor-widget-text-editor\" data-id=\"b47ee46\" data-element_type=\"widget\" data-e-type=\"widget\" data-widget_type=\"text-editor.default\">\n\t\t\t\t<div class=\"elementor-widget-container\">\n\t\t\t\t\t\t\t\t\t<p><span style=\"font-weight: 400;\">Les souvenirs tangibles ne se limitent pas \u00e0 une fonction individuelle\u202f; ils peuvent \u00e9galement \u00eatre partag\u00e9s pour cr\u00e9er des connexions sociales et communautaires.<\/span><\/p>\t\t\t\t\t\t\t\t<\/div>\n\t\t\t\t<\/div>\n\t\t\t\t<div class=\"elementor-element elementor-element-24a0629 elementor-widget elementor-widget-heading\" data-id=\"24a0629\" data-element_type=\"widget\" data-e-type=\"widget\" data-widget_type=\"heading.default\">\n\t\t\t\t<div class=\"elementor-widget-container\">\n\t\t\t\t\t<h2 class=\"elementor-heading-title elementor-size-default\">Supports de soutien collectif<\/h2>\t\t\t\t<\/div>\n\t\t\t\t<\/div>\n\t\t\t\t<div class=\"elementor-element elementor-element-c750eca elementor-widget elementor-widget-text-editor\" data-id=\"c750eca\" data-element_type=\"widget\" data-e-type=\"widget\" data-widget_type=\"text-editor.default\">\n\t\t\t\t<div class=\"elementor-widget-container\">\n\t\t\t\t\t\t\t\t\t<ul><li style=\"font-weight: 400;\" aria-level=\"1\"><b>Registres de condol\u00e9ances<\/b><span style=\"font-weight: 400;\"> : Ils permettent aux amis et membres de la famille d\u2019\u00e9crire des messages de soutien, favorisant un r\u00e9seau de solidarit\u00e9.<\/span><\/li><li style=\"font-weight: 400;\" aria-level=\"1\"><b>Banni\u00e8res comm\u00e9moratives<\/b><span style=\"font-weight: 400;\"> : Ces \u00e9l\u00e9ments, souvent utilis\u00e9s dans les c\u00e9r\u00e9monies publiques, honorent collectivement la m\u00e9moire du d\u00e9funt.<\/span><\/li><\/ul><p><span style=\"font-weight: 400;\">Le deuil partag\u00e9 devient ainsi une force unificatrice, transformant une douleur personnelle en exp\u00e9rience communautaire.<\/span><\/p>\t\t\t\t\t\t\t\t<\/div>\n\t\t\t\t<\/div>\n\t\t\t\t<div class=\"elementor-element elementor-element-576f036 elementor-widget elementor-widget-heading\" data-id=\"576f036\" data-element_type=\"widget\" data-e-type=\"widget\" data-widget_type=\"heading.default\">\n\t\t\t\t<div class=\"elementor-widget-container\">\n\t\t\t\t\t<h2 class=\"elementor-heading-title elementor-size-default\">Innovations et personnalisation dans les objets comm\u00e9moratifs<\/h2>\t\t\t\t<\/div>\n\t\t\t\t<\/div>\n\t\t\t\t<div class=\"elementor-element elementor-element-911d6a0 elementor-widget elementor-widget-text-editor\" data-id=\"911d6a0\" data-element_type=\"widget\" data-e-type=\"widget\" data-widget_type=\"text-editor.default\">\n\t\t\t\t<div class=\"elementor-widget-container\">\n\t\t\t\t\t\t\t\t\t<p><span style=\"font-weight: 400;\">Les avanc\u00e9es modernes offrent une gamme d\u2019options personnalis\u00e9es pour rendre les souvenirs tangibles encore plus significatifs.<\/span><\/p>\t\t\t\t\t\t\t\t<\/div>\n\t\t\t\t<\/div>\n\t\t\t\t<div class=\"elementor-element elementor-element-32698be elementor-widget elementor-widget-heading\" data-id=\"32698be\" data-element_type=\"widget\" data-e-type=\"widget\" data-widget_type=\"heading.default\">\n\t\t\t\t<div class=\"elementor-widget-container\">\n\t\t\t\t\t<h2 class=\"elementor-heading-title elementor-size-default\">Objets personnalis\u00e9s modernes<\/h2>\t\t\t\t<\/div>\n\t\t\t\t<\/div>\n\t\t\t\t<div class=\"elementor-element elementor-element-8d859a5 elementor-widget elementor-widget-text-editor\" data-id=\"8d859a5\" data-element_type=\"widget\" data-e-type=\"widget\" data-widget_type=\"text-editor.default\">\n\t\t\t\t<div class=\"elementor-widget-container\">\n\t\t\t\t\t\t\t\t\t<ul><li style=\"font-weight: 400;\" aria-level=\"1\"><b>Bijoux grav\u00e9s<\/b><span style=\"font-weight: 400;\"> : Des colliers contenant les initiales ou les empreintes du d\u00e9funt.<\/span><\/li><li style=\"font-weight: 400;\" aria-level=\"1\"><b>Objets fabriqu\u00e9s \u00e0 partir des cendres<\/b><span style=\"font-weight: 400;\"> : Des cristaux ou des bijoux uniques int\u00e9grant les cendres du d\u00e9funt, permettant de garder leur m\u00e9moire proche.<\/span><\/li><\/ul><p><span style=\"font-weight: 400;\">Ces innovations refl\u00e8tent une qu\u00eate croissante pour des souvenirs profond\u00e9ment personnels.<\/span><\/p>\t\t\t\t\t\t\t\t<\/div>\n\t\t\t\t<\/div>\n\t\t\t\t<div class=\"elementor-element elementor-element-f7b50e9 elementor-widget elementor-widget-heading\" data-id=\"f7b50e9\" data-element_type=\"widget\" data-e-type=\"widget\" data-widget_type=\"heading.default\">\n\t\t\t\t<div class=\"elementor-widget-container\">\n\t\t\t\t\t<h2 class=\"elementor-heading-title elementor-size-default\">La mont\u00e9e des souvenirs num\u00e9riques<\/h2>\t\t\t\t<\/div>\n\t\t\t\t<\/div>\n\t\t\t\t<div class=\"elementor-element elementor-element-02dad8f elementor-widget elementor-widget-text-editor\" data-id=\"02dad8f\" data-element_type=\"widget\" data-e-type=\"widget\" data-widget_type=\"text-editor.default\">\n\t\t\t\t<div class=\"elementor-widget-container\">\n\t\t\t\t\t\t\t\t\t<p><span style=\"font-weight: 400;\">Avec l\u2019\u00e8re num\u00e9rique, les souvenirs tangibles \u00e9voluent pour inclure des \u00e9l\u00e9ments virtuels.<\/span><\/p>\t\t\t\t\t\t\t\t<\/div>\n\t\t\t\t<\/div>\n\t\t\t\t<div class=\"elementor-element elementor-element-252873a elementor-widget elementor-widget-heading\" data-id=\"252873a\" data-element_type=\"widget\" data-e-type=\"widget\" data-widget_type=\"heading.default\">\n\t\t\t\t<div class=\"elementor-widget-container\">\n\t\t\t\t\t<h2 class=\"elementor-heading-title elementor-size-default\">Plateformes comm\u00e9moratives en ligne<\/h2>\t\t\t\t<\/div>\n\t\t\t\t<\/div>\n\t\t\t\t<div class=\"elementor-element elementor-element-5324b0e elementor-widget elementor-widget-text-editor\" data-id=\"5324b0e\" data-element_type=\"widget\" data-e-type=\"widget\" data-widget_type=\"text-editor.default\">\n\t\t\t\t<div class=\"elementor-widget-container\">\n\t\t\t\t\t\t\t\t\t<p><span style=\"font-weight: 400;\">Les r\u00e9seaux sociaux comme Facebook permettent de cr\u00e9er des pages comm\u00e9moratives o\u00f9 les proches peuvent publier des photos, des souvenirs et des messages. Ces espaces deviennent des sanctuaires accessibles \u00e0 tout moment.<\/span><\/p>\t\t\t\t\t\t\t\t<\/div>\n\t\t\t\t<\/div>\n\t\t\t\t<div class=\"elementor-element elementor-element-b8bcaf9 elementor-widget elementor-widget-heading\" data-id=\"b8bcaf9\" data-element_type=\"widget\" data-e-type=\"widget\" data-widget_type=\"heading.default\">\n\t\t\t\t<div class=\"elementor-widget-container\">\n\t\t\t\t\t<h2 class=\"elementor-heading-title elementor-size-default\">Albums photos num\u00e9riques et vid\u00e9os<\/h2>\t\t\t\t<\/div>\n\t\t\t\t<\/div>\n\t\t\t\t<div class=\"elementor-element elementor-element-44f5455 elementor-widget elementor-widget-text-editor\" data-id=\"44f5455\" data-element_type=\"widget\" data-e-type=\"widget\" data-widget_type=\"text-editor.default\">\n\t\t\t\t<div class=\"elementor-widget-container\">\n\t\t\t\t\t\t\t\t\t<p><span style=\"font-weight: 400;\">Les albums num\u00e9riques permettent de rassembler des souvenirs visuels et sonores, cr\u00e9ant des hommages interactifs et durables.<\/span><\/p><p><span style=\"font-weight: 400;\">Ces nouvelles pratiques r\u00e9pondent aux besoins modernes tout en enrichissant les fa\u00e7ons traditionnelles de se souvenir.<\/span><\/p>\t\t\t\t\t\t\t\t<\/div>\n\t\t\t\t<\/div>\n\t\t\t\t<div class=\"elementor-element elementor-element-1c44f9c elementor-widget elementor-widget-heading\" data-id=\"1c44f9c\" data-element_type=\"widget\" data-e-type=\"widget\" data-widget_type=\"heading.default\">\n\t\t\t\t<div class=\"elementor-widget-container\">\n\t\t\t\t\t<h2 class=\"elementor-heading-title elementor-size-default\">Les objets \u00e9coresponsables dans le deuil<\/h2>\t\t\t\t<\/div>\n\t\t\t\t<\/div>\n\t\t\t\t<div class=\"elementor-element elementor-element-f82a7d4 elementor-widget elementor-widget-text-editor\" data-id=\"f82a7d4\" data-element_type=\"widget\" data-e-type=\"widget\" data-widget_type=\"text-editor.default\">\n\t\t\t\t<div class=\"elementor-widget-container\">\n\t\t\t\t\t\t\t\t\t<p><span style=\"font-weight: 400;\">Avec l&rsquo;essor de la conscience \u00e9cologique, les objets comm\u00e9moratifs respectueux de l&rsquo;environnement gagnent en popularit\u00e9.<\/span><\/p>\t\t\t\t\t\t\t\t<\/div>\n\t\t\t\t<\/div>\n\t\t\t\t<div class=\"elementor-element elementor-element-24f41b8 elementor-widget elementor-widget-heading\" data-id=\"24f41b8\" data-element_type=\"widget\" data-e-type=\"widget\" data-widget_type=\"heading.default\">\n\t\t\t\t<div class=\"elementor-widget-container\">\n\t\t\t\t\t<h2 class=\"elementor-heading-title elementor-size-default\">Exemples d\u2019options durables<\/h2>\t\t\t\t<\/div>\n\t\t\t\t<\/div>\n\t\t\t\t<div class=\"elementor-element elementor-element-b419e2d elementor-widget elementor-widget-text-editor\" data-id=\"b419e2d\" data-element_type=\"widget\" data-e-type=\"widget\" data-widget_type=\"text-editor.default\">\n\t\t\t\t<div class=\"elementor-widget-container\">\n\t\t\t\t\t\t\t\t\t<ul><li style=\"font-weight: 400;\" aria-level=\"1\"><b>Urnes biod\u00e9gradables<\/b><span style=\"font-weight: 400;\"> : Con\u00e7ues pour se d\u00e9composer naturellement, elles permettent de m\u00ealer le souvenir \u00e0 un geste environnemental.<\/span><\/li><li style=\"font-weight: 400;\" aria-level=\"1\"><b>Arbres m\u00e9moriels<\/b><span style=\"font-weight: 400;\"> : Planter un arbre en m\u00e9moire d\u2019un proche cr\u00e9e un hommage vivant et b\u00e9n\u00e9fique pour la plan\u00e8te.<\/span><\/li><\/ul><p><span style=\"font-weight: 400;\">Ces initiatives symbolisent la continuit\u00e9 de la vie tout en respectant les pr\u00e9occupations \u00e9cologiques.<\/span><\/p>\t\t\t\t\t\t\t\t<\/div>\n\t\t\t\t<\/div>\n\t\t\t\t<div class=\"elementor-element elementor-element-ebb788f elementor-widget elementor-widget-heading\" data-id=\"ebb788f\" data-element_type=\"widget\" data-e-type=\"widget\" data-widget_type=\"heading.default\">\n\t\t\t\t<div class=\"elementor-widget-container\">\n\t\t\t\t\t<h2 class=\"elementor-heading-title elementor-size-default\">L\u2019impact des souvenirs tangibles sur le long terme<\/h2>\t\t\t\t<\/div>\n\t\t\t\t<\/div>\n\t\t\t\t<div class=\"elementor-element elementor-element-ae1955e elementor-widget elementor-widget-text-editor\" data-id=\"ae1955e\" data-element_type=\"widget\" data-e-type=\"widget\" data-widget_type=\"text-editor.default\">\n\t\t\t\t<div class=\"elementor-widget-container\">\n\t\t\t\t\t\t\t\t\t<p><span style=\"font-weight: 400;\">Les souvenirs tangibles jouent un r\u00f4le fondamental dans l\u2019int\u00e9gration de la perte dans la vie quotidienne. Ils ne sont pas des rappels constants de la douleur, mais des symboles de r\u00e9silience et d\u2019amour durable.<\/span><\/p>\t\t\t\t\t\t\t\t<\/div>\n\t\t\t\t<\/div>\n\t\t\t\t<div class=\"elementor-element elementor-element-572b4f6 elementor-widget elementor-widget-heading\" data-id=\"572b4f6\" data-element_type=\"widget\" data-e-type=\"widget\" data-widget_type=\"heading.default\">\n\t\t\t\t<div class=\"elementor-widget-container\">\n\t\t\t\t\t<h2 class=\"elementor-heading-title elementor-size-default\">R\u00e9confort interg\u00e9n\u00e9rationnel<\/h2>\t\t\t\t<\/div>\n\t\t\t\t<\/div>\n\t\t\t\t<div class=\"elementor-element elementor-element-ac372e7 elementor-widget elementor-widget-text-editor\" data-id=\"ac372e7\" data-element_type=\"widget\" data-e-type=\"widget\" data-widget_type=\"text-editor.default\">\n\t\t\t\t<div class=\"elementor-widget-container\">\n\t\t\t\t\t\t\t\t\t<p><span style=\"font-weight: 400;\">Les objets transmis \u00e0 travers les g\u00e9n\u00e9rations, comme des bijoux ou des photos anciennes, cr\u00e9ent un sentiment d\u2019h\u00e9ritage et renforcent les liens familiaux. Ils permettent aussi aux descendants de se connecter \u00e0 leur histoire.<\/span><\/p>\t\t\t\t\t\t\t\t<\/div>\n\t\t\t\t<\/div>\n\t\t\t\t<div class=\"elementor-element elementor-element-6c02c52 elementor-widget elementor-widget-heading\" data-id=\"6c02c52\" data-element_type=\"widget\" data-e-type=\"widget\" data-widget_type=\"heading.default\">\n\t\t\t\t<div class=\"elementor-widget-container\">\n\t\t\t\t\t<h2 class=\"elementor-heading-title elementor-size-default\">Moments de r\u00e9confort lors d\u2019anniversaires<\/h2>\t\t\t\t<\/div>\n\t\t\t\t<\/div>\n\t\t\t\t<div class=\"elementor-element elementor-element-ccd93a1 elementor-widget elementor-widget-text-editor\" data-id=\"ccd93a1\" data-element_type=\"widget\" data-e-type=\"widget\" data-widget_type=\"text-editor.default\">\n\t\t\t\t<div class=\"elementor-widget-container\">\n\t\t\t\t\t\t\t\t\t<p><span style=\"font-weight: 400;\">Lors d&rsquo;anniversaires ou de c\u00e9l\u00e9brations sp\u00e9ciales, ces souvenirs offrent une pr\u00e9sence symbolique, rappelant l&rsquo;importance et l\u2019impact durable du d\u00e9funt.<\/span><\/p>\t\t\t\t\t\t\t\t<\/div>\n\t\t\t\t<\/div>\n\t\t\t\t<div class=\"elementor-element elementor-element-f8617ab elementor-widget elementor-widget-heading\" data-id=\"f8617ab\" data-element_type=\"widget\" data-e-type=\"widget\" data-widget_type=\"heading.default\">\n\t\t\t\t<div class=\"elementor-widget-container\">\n\t\t\t\t\t<h2 class=\"elementor-heading-title elementor-size-default\">Conclusion<\/h2>\t\t\t\t<\/div>\n\t\t\t\t<\/div>\n\t\t\t\t<div class=\"elementor-element elementor-element-e01fe3a elementor-widget elementor-widget-text-editor\" data-id=\"e01fe3a\" data-element_type=\"widget\" data-e-type=\"widget\" data-widget_type=\"text-editor.default\">\n\t\t\t\t<div class=\"elementor-widget-container\">\n\t\t\t\t\t\t\t\t\t<p><span style=\"font-weight: 400;\">Les souvenirs tangibles transcendent leur nature physique pour devenir des outils essentiels dans le processus de deuil. Qu\u2019ils soient traditionnels ou modernes, physiques ou num\u00e9riques, \u00e9ph\u00e9m\u00e8res ou durables, ils r\u00e9pondent \u00e0 un besoin humain fondamental : pr\u00e9server la m\u00e9moire de ceux qui nous ont quitt\u00e9s.<\/span><\/p><p><span style=\"font-weight: 400;\">En \u00e9quilibrant pass\u00e9 et pr\u00e9sent, ces objets ouvrent la voie \u00e0 la gu\u00e9rison et \u00e0 la r\u00e9silience. \u00c0 travers eux, les souvenirs des \u00eatres chers continuent de vivre, enrichissant les g\u00e9n\u00e9rations futures tout en honorant leur h\u00e9ritage unique.<\/span><\/p>\t\t\t\t\t\t\t\t<\/div>\n\t\t\t\t<\/div>\n\t\t\t\t<div class=\"elementor-element elementor-element-bb1d13b elementor-widget elementor-widget-text-editor\" data-id=\"bb1d13b\" data-element_type=\"widget\" data-e-type=\"widget\" data-widget_type=\"text-editor.default\">\n\t\t\t\t<div class=\"elementor-widget-container\">\n\t\t\t\t\t\t\t\t\t<p><b>Pour plus d&rsquo;informations, n&rsquo;h\u00e9sitez surtout pas \u00e0 entrer en contact avec nous, nous nous ferons un plaisir de vous r\u00e9pondre dans les d\u00e9lais les plus brefs.<\/b><\/p>\t\t\t\t\t\t\t\t<\/div>\n\t\t\t\t<\/div>\n\t\t\t\t<section class=\"elementor-section elementor-inner-section elementor-element elementor-element-49d0d91 elementor-section-boxed elementor-section-height-default elementor-section-height-default\" data-id=\"49d0d91\" data-element_type=\"section\" data-e-type=\"section\">\n\t\t\t\t\t\t<div class=\"elementor-container elementor-column-gap-default\">\n\t\t\t\t\t<div class=\"elementor-column elementor-col-50 elementor-inner-column elementor-element elementor-element-3c64579\" data-id=\"3c64579\" data-element_type=\"column\" data-e-type=\"column\">\n\t\t\t<div class=\"elementor-widget-wrap elementor-element-populated\">\n\t\t\t\t\t\t<div class=\"elementor-element elementor-element-b1781b8 elementor-align-center elementor-widget elementor-widget-button\" data-id=\"b1781b8\" data-element_type=\"widget\" data-e-type=\"widget\" data-widget_type=\"button.default\">\n\t\t\t\t<div class=\"elementor-widget-container\">\n\t\t\t\t\t\t\t\t\t<div class=\"elementor-button-wrapper\">\n\t\t\t\t\t<a class=\"elementor-button elementor-button-link elementor-size-xl\" href=\"https:\/\/collection-souvenir.com\/\" target=\"_blank\">\n\t\t\t\t\t\t<span class=\"elementor-button-content-wrapper\">\n\t\t\t\t\t\t\t\t\t<span class=\"elementor-button-text\">Visiter notre site<\/span>\n\t\t\t\t\t<\/span>\n\t\t\t\t\t<\/a>\n\t\t\t\t<\/div>\n\t\t\t\t\t\t\t\t<\/div>\n\t\t\t\t<\/div>\n\t\t\t\t\t<\/div>\n\t\t<\/div>\n\t\t\t\t<div class=\"elementor-column elementor-col-50 elementor-inner-column elementor-element elementor-element-75caeff\" data-id=\"75caeff\" data-element_type=\"column\" data-e-type=\"column\">\n\t\t\t<div class=\"elementor-widget-wrap elementor-element-populated\">\n\t\t\t\t\t\t<div class=\"elementor-element elementor-element-edf0ce5 elementor-align-center elementor-widget elementor-widget-button\" data-id=\"edf0ce5\" data-element_type=\"widget\" data-e-type=\"widget\" data-widget_type=\"button.default\">\n\t\t\t\t<div class=\"elementor-widget-container\">\n\t\t\t\t\t\t\t\t\t<div class=\"elementor-button-wrapper\">\n\t\t\t\t\t<a class=\"elementor-button elementor-button-link elementor-size-xl\" href=\"mailto:lab@collection-souvenir.com\">\n\t\t\t\t\t\t<span class=\"elementor-button-content-wrapper\">\n\t\t\t\t\t\t\t\t\t<span class=\"elementor-button-text\">Demande d'informations<\/span>\n\t\t\t\t\t<\/span>\n\t\t\t\t\t<\/a>\n\t\t\t\t<\/div>\n\t\t\t\t\t\t\t\t<\/div>\n\t\t\t\t<\/div>\n\t\t\t\t\t<\/div>\n\t\t<\/div>\n\t\t\t\t\t<\/div>\n\t\t<\/section>\n\t\t\t\t\t<\/div>\n\t\t<\/div>\n\t\t\t\t\t<\/div>\n\t\t<\/section>\n\t\t\t\t<section class=\"elementor-section elementor-top-section elementor-element elementor-element-bb21c44 elementor-hidden-mobile elementor-section-boxed elementor-section-height-default elementor-section-height-default\" data-id=\"bb21c44\" data-element_type=\"section\" data-e-type=\"section\">\n\t\t\t\t\t\t<div class=\"elementor-container elementor-column-gap-default\">\n\t\t\t\t\t<div class=\"elementor-column elementor-col-100 elementor-top-column elementor-element elementor-element-2a2e464\" data-id=\"2a2e464\" data-element_type=\"column\" data-e-type=\"column\">\n\t\t\t<div class=\"elementor-widget-wrap elementor-element-populated\">\n\t\t\t\t\t\t<div class=\"elementor-element elementor-element-af3dddb e-grid-align-right elementor-shape-rounded elementor-grid-0 elementor-widget elementor-widget-social-icons\" data-id=\"af3dddb\" data-element_type=\"widget\" data-e-type=\"widget\" data-widget_type=\"social-icons.default\">\n\t\t\t\t<div class=\"elementor-widget-container\">\n\t\t\t\t\t\t\t<div class=\"elementor-social-icons-wrapper elementor-grid\" role=\"list\">\n\t\t\t\t\t\t\t<span class=\"elementor-grid-item\" role=\"listitem\">\n\t\t\t\t\t<a class=\"elementor-icon elementor-social-icon elementor-social-icon-facebook elementor-repeater-item-efdd7b0\" href=\"https:\/\/www.facebook.com\/sharer\/sharer.php?u=https:\/\/blogue.collection-souvenir.com\/2025\/09\/22\/souvenirs-tangibles-dans-le-processus-de-deuil\/\" target=\"_blank\">\n\t\t\t\t\t\t<span class=\"elementor-screen-only\">Facebook<\/span>\n\t\t\t\t\t\t<i aria-hidden=\"true\" class=\"fab fa-facebook\"><\/i>\t\t\t\t\t<\/a>\n\t\t\t\t<\/span>\n\t\t\t\t\t\t\t<span class=\"elementor-grid-item\" role=\"listitem\">\n\t\t\t\t\t<a class=\"elementor-icon elementor-social-icon elementor-social-icon-linkedin elementor-repeater-item-7994428\" href=\"https:\/\/www.linkedin.com\/sharing\/share-offsite\/?url=https:\/\/blogue.collection-souvenir.com\/2025\/09\/22\/souvenirs-tangibles-dans-le-processus-de-deuil\/\" target=\"_blank\">\n\t\t\t\t\t\t<span class=\"elementor-screen-only\">Linkedin<\/span>\n\t\t\t\t\t\t<i aria-hidden=\"true\" class=\"fab fa-linkedin\"><\/i>\t\t\t\t\t<\/a>\n\t\t\t\t<\/span>\n\t\t\t\t\t<\/div>\n\t\t\t\t\t\t<\/div>\n\t\t\t\t<\/div>\n\t\t\t\t<div class=\"elementor-element elementor-element-6a5319f elementor-widget elementor-widget-heading\" data-id=\"6a5319f\" data-element_type=\"widget\" data-e-type=\"widget\" data-widget_type=\"heading.default\">\n\t\t\t\t<div class=\"elementor-widget-container\">\n\t\t\t\t\t<h2 class=\"elementor-heading-title elementor-size-default\">Voir nos objets comm\u00e9moratifs<\/h2>\t\t\t\t<\/div>\n\t\t\t\t<\/div>\n\t\t\t\t\t<\/div>\n\t\t<\/div>\n\t\t\t\t\t<\/div>\n\t\t<\/section>\n\t\t\t\t<section class=\"elementor-section elementor-top-section elementor-element elementor-element-4296251 elementor-hidden-mobile elementor-section-boxed elementor-section-height-default elementor-section-height-default\" data-id=\"4296251\" data-element_type=\"section\" data-e-type=\"section\">\n\t\t\t\t\t\t<div class=\"elementor-container elementor-column-gap-default\">\n\t\t\t\t\t<div class=\"elementor-column elementor-col-20 elementor-top-column elementor-element elementor-element-e76b8e0\" data-id=\"e76b8e0\" data-element_type=\"column\" data-e-type=\"column\">\n\t\t\t<div class=\"elementor-widget-wrap elementor-element-populated\">\n\t\t\t\t\t\t<div class=\"elementor-element elementor-element-d43e3ce elementor-widget elementor-widget-image\" data-id=\"d43e3ce\" data-element_type=\"widget\" data-e-type=\"widget\" data-widget_type=\"image.default\">\n\t\t\t\t<div class=\"elementor-widget-container\">\n\t\t\t\t\t\t\t\t\t\t\t\t\t\t\t\t<a href=\"https:\/\/blogue.collection-souvenir.com\/en\/2023\/01\/16\/themes-signets-funeraires\/\">\n\t\t\t\t\t\t\t<img decoding=\"async\" width=\"768\" height=\"486\" src=\"https:\/\/blogue.collection-souvenir.com\/wp-content\/uploads\/2023\/01\/signets-metiers-vert-768x486.png\" class=\"attachment-medium_large size-medium_large wp-image-2282\" alt=\"signets-fun\u00e9raires\" srcset=\"https:\/\/blogue.collection-souvenir.com\/wp-content\/uploads\/2023\/01\/signets-metiers-vert-768x486.png 768w, https:\/\/blogue.collection-souvenir.com\/wp-content\/uploads\/2023\/01\/signets-metiers-vert-300x190.png 300w, https:\/\/blogue.collection-souvenir.com\/wp-content\/uploads\/2023\/01\/signets-metiers-vert-1024x648.png 1024w, https:\/\/blogue.collection-souvenir.com\/wp-content\/uploads\/2023\/01\/signets-metiers-vert-1536x972.png 1536w, https:\/\/blogue.collection-souvenir.com\/wp-content\/uploads\/2023\/01\/signets-metiers-vert-2048x1296.png 2048w, https:\/\/blogue.collection-souvenir.com\/wp-content\/uploads\/2023\/01\/signets-metiers-vert-18x12.png 18w\" sizes=\"(max-width: 768px) 100vw, 768px\" \/>\t\t\t\t\t\t\t\t<\/a>\n\t\t\t\t\t\t\t\t\t\t\t\t\t\t\t<\/div>\n\t\t\t\t<\/div>\n\t\t\t\t\t<\/div>\n\t\t<\/div>\n\t\t\t\t<div class=\"elementor-column elementor-col-20 elementor-top-column elementor-element elementor-element-ed9525b\" data-id=\"ed9525b\" data-element_type=\"column\" data-e-type=\"column\">\n\t\t\t<div class=\"elementor-widget-wrap elementor-element-populated\">\n\t\t\t\t\t\t<div class=\"elementor-element elementor-element-5ad7c6c elementor-widget elementor-widget-image\" data-id=\"5ad7c6c\" data-element_type=\"widget\" data-e-type=\"widget\" data-widget_type=\"image.default\">\n\t\t\t\t<div class=\"elementor-widget-container\">\n\t\t\t\t\t\t\t\t\t\t\t\t\t\t\t\t<a href=\"https:\/\/blogue.collection-souvenir.com\/en\/2021\/10\/31\/portrait-souvenir\/\">\n\t\t\t\t\t\t\t<img decoding=\"async\" width=\"200\" height=\"258\" src=\"https:\/\/blogue.collection-souvenir.com\/wp-content\/uploads\/2022\/10\/collection-souvenir-toile-elegance.jpg\" class=\"attachment-medium_large size-medium_large wp-image-1533\" alt=\"portrait-souvenir\" srcset=\"https:\/\/blogue.collection-souvenir.com\/wp-content\/uploads\/2022\/10\/collection-souvenir-toile-elegance.jpg 200w, https:\/\/blogue.collection-souvenir.com\/wp-content\/uploads\/2022\/10\/collection-souvenir-toile-elegance-9x12.jpg 9w\" sizes=\"(max-width: 200px) 100vw, 200px\" \/>\t\t\t\t\t\t\t\t<\/a>\n\t\t\t\t\t\t\t\t\t\t\t\t\t\t\t<\/div>\n\t\t\t\t<\/div>\n\t\t\t\t\t<\/div>\n\t\t<\/div>\n\t\t\t\t<div class=\"elementor-column elementor-col-20 elementor-top-column elementor-element elementor-element-f7d4be8\" data-id=\"f7d4be8\" data-element_type=\"column\" data-e-type=\"column\">\n\t\t\t<div class=\"elementor-widget-wrap elementor-element-populated\">\n\t\t\t\t\t\t<div class=\"elementor-element elementor-element-d3e3c2f elementor-widget elementor-widget-image\" data-id=\"d3e3c2f\" data-element_type=\"widget\" data-e-type=\"widget\" data-widget_type=\"image.default\">\n\t\t\t\t<div class=\"elementor-widget-container\">\n\t\t\t\t\t\t\t\t\t\t\t\t\t\t\t\t<a href=\"https:\/\/blogue.collection-souvenir.com\/en\/2023\/01\/19\/bougies-bougeoirs\/\">\n\t\t\t\t\t\t\t<img loading=\"lazy\" decoding=\"async\" width=\"768\" height=\"951\" src=\"https:\/\/blogue.collection-souvenir.com\/wp-content\/uploads\/2018\/11\/bougie-bougeoir-768x951.png\" class=\"attachment-medium_large size-medium_large wp-image-7019\" alt=\"bougie et bougeoir fun\u00e9raires\" srcset=\"https:\/\/blogue.collection-souvenir.com\/wp-content\/uploads\/2018\/11\/bougie-bougeoir-768x951.png 768w, https:\/\/blogue.collection-souvenir.com\/wp-content\/uploads\/2018\/11\/bougie-bougeoir-242x300.png 242w, https:\/\/blogue.collection-souvenir.com\/wp-content\/uploads\/2018\/11\/bougie-bougeoir-827x1024.png 827w, https:\/\/blogue.collection-souvenir.com\/wp-content\/uploads\/2018\/11\/bougie-bougeoir-10x12.png 10w, https:\/\/blogue.collection-souvenir.com\/wp-content\/uploads\/2018\/11\/bougie-bougeoir.png 1084w\" sizes=\"(max-width: 768px) 100vw, 768px\" \/>\t\t\t\t\t\t\t\t<\/a>\n\t\t\t\t\t\t\t\t\t\t\t\t\t\t\t<\/div>\n\t\t\t\t<\/div>\n\t\t\t\t\t<\/div>\n\t\t<\/div>\n\t\t\t\t<div class=\"elementor-column elementor-col-20 elementor-top-column elementor-element elementor-element-739e68a\" data-id=\"739e68a\" data-element_type=\"column\" data-e-type=\"column\">\n\t\t\t<div class=\"elementor-widget-wrap elementor-element-populated\">\n\t\t\t\t\t\t<div class=\"elementor-element elementor-element-7ea181b elementor-widget elementor-widget-image\" data-id=\"7ea181b\" data-element_type=\"widget\" data-e-type=\"widget\" data-widget_type=\"image.default\">\n\t\t\t\t<div class=\"elementor-widget-container\">\n\t\t\t\t\t\t\t\t\t\t\t\t\t\t\t\t<a href=\"https:\/\/blogue.collection-souvenir.com\/en\/2022\/11\/01\/porte-cles-commemoratifs\/\">\n\t\t\t\t\t\t\t<img loading=\"lazy\" decoding=\"async\" width=\"425\" height=\"689\" src=\"https:\/\/blogue.collection-souvenir.com\/wp-content\/uploads\/2022\/11\/Collection-Souvenir-porte-cles.jpg\" class=\"attachment-medium_large size-medium_large wp-image-1704\" alt=\"porte-cl\u00e9s comm\u00e9moratif grav\u00e9\" srcset=\"https:\/\/blogue.collection-souvenir.com\/wp-content\/uploads\/2022\/11\/Collection-Souvenir-porte-cles.jpg 425w, https:\/\/blogue.collection-souvenir.com\/wp-content\/uploads\/2022\/11\/Collection-Souvenir-porte-cles-185x300.jpg 185w, https:\/\/blogue.collection-souvenir.com\/wp-content\/uploads\/2022\/11\/Collection-Souvenir-porte-cles-7x12.jpg 7w\" sizes=\"(max-width: 425px) 100vw, 425px\" \/>\t\t\t\t\t\t\t\t<\/a>\n\t\t\t\t\t\t\t\t\t\t\t\t\t\t\t<\/div>\n\t\t\t\t<\/div>\n\t\t\t\t\t<\/div>\n\t\t<\/div>\n\t\t\t\t<div class=\"elementor-column elementor-col-20 elementor-top-column elementor-element elementor-element-11f4463\" data-id=\"11f4463\" data-element_type=\"column\" data-e-type=\"column\">\n\t\t\t<div class=\"elementor-widget-wrap elementor-element-populated\">\n\t\t\t\t\t\t<div class=\"elementor-element elementor-element-7fc4202 elementor-widget elementor-widget-image\" data-id=\"7fc4202\" data-element_type=\"widget\" data-e-type=\"widget\" data-widget_type=\"image.default\">\n\t\t\t\t<div class=\"elementor-widget-container\">\n\t\t\t\t\t\t\t\t\t\t\t\t\t\t\t\t<a href=\"https:\/\/blogue.collection-souvenir.com\/en\/2022\/11\/01\/photos-sur-porcelaine\/\">\n\t\t\t\t\t\t\t<img loading=\"lazy\" decoding=\"async\" width=\"324\" height=\"440\" src=\"https:\/\/blogue.collection-souvenir.com\/wp-content\/uploads\/2022\/11\/Collection-Souvenir-oval-porcelaine.jpg\" class=\"attachment-medium_large size-medium_large wp-image-1666\" alt=\"\" srcset=\"https:\/\/blogue.collection-souvenir.com\/wp-content\/uploads\/2022\/11\/Collection-Souvenir-oval-porcelaine.jpg 324w, https:\/\/blogue.collection-souvenir.com\/wp-content\/uploads\/2022\/11\/Collection-Souvenir-oval-porcelaine-221x300.jpg 221w, https:\/\/blogue.collection-souvenir.com\/wp-content\/uploads\/2022\/11\/Collection-Souvenir-oval-porcelaine-9x12.jpg 9w\" sizes=\"(max-width: 324px) 100vw, 324px\" \/>\t\t\t\t\t\t\t\t<\/a>\n\t\t\t\t\t\t\t\t\t\t\t\t\t\t\t<\/div>\n\t\t\t\t<\/div>\n\t\t\t\t\t<\/div>\n\t\t<\/div>\n\t\t\t\t\t<\/div>\n\t\t<\/section>\n\t\t\t\t<section class=\"elementor-section elementor-top-section elementor-element elementor-element-8537644 elementor-hidden-mobile elementor-section-boxed elementor-section-height-default elementor-section-height-default\" data-id=\"8537644\" data-element_type=\"section\" data-e-type=\"section\">\n\t\t\t\t\t\t<div class=\"elementor-container elementor-column-gap-default\">\n\t\t\t\t\t<div class=\"elementor-column elementor-col-20 elementor-top-column elementor-element elementor-element-1456a29\" data-id=\"1456a29\" data-element_type=\"column\" data-e-type=\"column\">\n\t\t\t<div class=\"elementor-widget-wrap elementor-element-populated\">\n\t\t\t\t\t\t<div class=\"elementor-element elementor-element-3f2dbd5 elementor-widget elementor-widget-text-editor\" data-id=\"3f2dbd5\" data-element_type=\"widget\" data-e-type=\"widget\" data-widget_type=\"text-editor.default\">\n\t\t\t\t<div class=\"elementor-widget-container\">\n\t\t\t\t\t\t\t\t\t<p><span style=\"text-decoration: underline;\"><a href=\"https:\/\/blogue.collection-souvenir.com\/en\/2023\/01\/16\/themes-signets-funeraires\/\">Signets fun\u00e9raires<\/a><\/span><\/p>\t\t\t\t\t\t\t\t<\/div>\n\t\t\t\t<\/div>\n\t\t\t\t\t<\/div>\n\t\t<\/div>\n\t\t\t\t<div class=\"elementor-column elementor-col-20 elementor-top-column elementor-element elementor-element-5de512e\" data-id=\"5de512e\" data-element_type=\"column\" data-e-type=\"column\">\n\t\t\t<div class=\"elementor-widget-wrap elementor-element-populated\">\n\t\t\t\t\t\t<div class=\"elementor-element elementor-element-aed0a79 elementor-widget elementor-widget-text-editor\" data-id=\"aed0a79\" data-element_type=\"widget\" data-e-type=\"widget\" data-widget_type=\"text-editor.default\">\n\t\t\t\t<div class=\"elementor-widget-container\">\n\t\t\t\t\t\t\t\t\t<p><a href=\"https:\/\/blogue.collection-souvenir.com\/en\/2021\/10\/31\/portrait-souvenir\/\"><span style=\"text-decoration: underline;\">Portraits souvenirs<\/span><\/a><\/p>\t\t\t\t\t\t\t\t<\/div>\n\t\t\t\t<\/div>\n\t\t\t\t\t<\/div>\n\t\t<\/div>\n\t\t\t\t<div class=\"elementor-column elementor-col-20 elementor-top-column elementor-element elementor-element-80f2c8e\" data-id=\"80f2c8e\" data-element_type=\"column\" data-e-type=\"column\">\n\t\t\t<div class=\"elementor-widget-wrap elementor-element-populated\">\n\t\t\t\t\t\t<div class=\"elementor-element elementor-element-ec610f8 elementor-widget elementor-widget-text-editor\" data-id=\"ec610f8\" data-element_type=\"widget\" data-e-type=\"widget\" data-widget_type=\"text-editor.default\">\n\t\t\t\t<div class=\"elementor-widget-container\">\n\t\t\t\t\t\t\t\t\t<p><span style=\"text-decoration: underline;\"><a href=\"https:\/\/blogue.collection-souvenir.com\/en\/2023\/01\/19\/bougies-bougeoirs\/\">Bougies\/Bougeoirs<\/a><\/span><\/p>\t\t\t\t\t\t\t\t<\/div>\n\t\t\t\t<\/div>\n\t\t\t\t\t<\/div>\n\t\t<\/div>\n\t\t\t\t<div class=\"elementor-column elementor-col-20 elementor-top-column elementor-element elementor-element-d5de277\" data-id=\"d5de277\" data-element_type=\"column\" data-e-type=\"column\">\n\t\t\t<div class=\"elementor-widget-wrap elementor-element-populated\">\n\t\t\t\t\t\t<div class=\"elementor-element elementor-element-0a53966 elementor-widget elementor-widget-text-editor\" data-id=\"0a53966\" data-element_type=\"widget\" data-e-type=\"widget\" data-widget_type=\"text-editor.default\">\n\t\t\t\t<div class=\"elementor-widget-container\">\n\t\t\t\t\t\t\t\t\t<p><span style=\"text-decoration: underline;\"><a href=\"https:\/\/blogue.collection-souvenir.com\/en\/2022\/11\/01\/porte-cles-commemoratifs\/\">Porte-cl\u00e9s grav\u00e9s<\/a><\/span><\/p>\t\t\t\t\t\t\t\t<\/div>\n\t\t\t\t<\/div>\n\t\t\t\t\t<\/div>\n\t\t<\/div>\n\t\t\t\t<div class=\"elementor-column elementor-col-20 elementor-top-column elementor-element elementor-element-fa6d6c4\" data-id=\"fa6d6c4\" data-element_type=\"column\" data-e-type=\"column\">\n\t\t\t<div class=\"elementor-widget-wrap elementor-element-populated\">\n\t\t\t\t\t\t<div class=\"elementor-element elementor-element-fac4fc1 elementor-widget elementor-widget-text-editor\" data-id=\"fac4fc1\" data-element_type=\"widget\" data-e-type=\"widget\" data-widget_type=\"text-editor.default\">\n\t\t\t\t<div class=\"elementor-widget-container\">\n\t\t\t\t\t\t\t\t\t<p><span style=\"text-decoration: underline;\"><a href=\"https:\/\/blogue.collection-souvenir.com\/en\/2022\/11\/01\/photos-sur-porcelaine\/\">Photos porcelaines<\/a><\/span><\/p>\t\t\t\t\t\t\t\t<\/div>\n\t\t\t\t<\/div>\n\t\t\t\t\t<\/div>\n\t\t<\/div>\n\t\t\t\t\t<\/div>\n\t\t<\/section>\n\t\t\t\t<section class=\"elementor-section elementor-top-section elementor-element elementor-element-e5811e1 elementor-hidden-mobile elementor-section-boxed elementor-section-height-default elementor-section-height-default\" data-id=\"e5811e1\" data-element_type=\"section\" data-e-type=\"section\">\n\t\t\t\t\t\t<div class=\"elementor-container elementor-column-gap-default\">\n\t\t\t\t\t<div class=\"elementor-column elementor-col-20 elementor-top-column elementor-element elementor-element-1e6b1bd\" data-id=\"1e6b1bd\" data-element_type=\"column\" data-e-type=\"column\">\n\t\t\t<div class=\"elementor-widget-wrap elementor-element-populated\">\n\t\t\t\t\t\t<div class=\"elementor-element elementor-element-09b1fde elementor-widget elementor-widget-image\" data-id=\"09b1fde\" data-element_type=\"widget\" data-e-type=\"widget\" data-widget_type=\"image.default\">\n\t\t\t\t<div class=\"elementor-widget-container\">\n\t\t\t\t\t\t\t\t\t\t\t\t\t\t\t\t<a href=\"https:\/\/blogue.collection-souvenir.com\/en\/2022\/10\/28\/plateforme-de-creation-dobjets-commemoratifs\/\">\n\t\t\t\t\t\t\t<img loading=\"lazy\" decoding=\"async\" width=\"768\" height=\"494\" src=\"https:\/\/blogue.collection-souvenir.com\/wp-content\/uploads\/2022\/10\/mac-3-768x494.png\" class=\"attachment-medium_large size-medium_large wp-image-1482\" alt=\"plateforme de cr\u00e9ation d&#039;objets comm\u00e9moratifs\" srcset=\"https:\/\/blogue.collection-souvenir.com\/wp-content\/uploads\/2022\/10\/mac-3-768x494.png 768w, https:\/\/blogue.collection-souvenir.com\/wp-content\/uploads\/2022\/10\/mac-3-300x193.png 300w, https:\/\/blogue.collection-souvenir.com\/wp-content\/uploads\/2022\/10\/mac-3-1024x659.png 1024w, https:\/\/blogue.collection-souvenir.com\/wp-content\/uploads\/2022\/10\/mac-3-1536x988.png 1536w, https:\/\/blogue.collection-souvenir.com\/wp-content\/uploads\/2022\/10\/mac-3-2048x1317.png 2048w, https:\/\/blogue.collection-souvenir.com\/wp-content\/uploads\/2022\/10\/mac-3-18x12.png 18w\" sizes=\"(max-width: 768px) 100vw, 768px\" \/>\t\t\t\t\t\t\t\t<\/a>\n\t\t\t\t\t\t\t\t\t\t\t\t\t\t\t<\/div>\n\t\t\t\t<\/div>\n\t\t\t\t\t<\/div>\n\t\t<\/div>\n\t\t\t\t<div class=\"elementor-column elementor-col-20 elementor-top-column elementor-element elementor-element-cfc991b\" data-id=\"cfc991b\" data-element_type=\"column\" data-e-type=\"column\">\n\t\t\t<div class=\"elementor-widget-wrap elementor-element-populated\">\n\t\t\t\t\t\t<div class=\"elementor-element elementor-element-c6e7920 elementor-widget elementor-widget-image\" data-id=\"c6e7920\" data-element_type=\"widget\" data-e-type=\"widget\" data-widget_type=\"image.default\">\n\t\t\t\t<div class=\"elementor-widget-container\">\n\t\t\t\t\t\t\t\t\t\t\t\t\t\t\t\t<a href=\"https:\/\/blogue.collection-souvenir.com\/en\/2023\/10\/18\/cartes-funeraires-pop-up\/\">\n\t\t\t\t\t\t\t<img loading=\"lazy\" decoding=\"async\" width=\"768\" height=\"760\" src=\"https:\/\/blogue.collection-souvenir.com\/wp-content\/uploads\/2023\/10\/carte2-1-768x760.png\" class=\"attachment-medium_large size-medium_large wp-image-3013\" alt=\"carte 3D pop-up Dimension-Souvenir\" srcset=\"https:\/\/blogue.collection-souvenir.com\/wp-content\/uploads\/2023\/10\/carte2-1-768x760.png 768w, https:\/\/blogue.collection-souvenir.com\/wp-content\/uploads\/2023\/10\/carte2-1-300x297.png 300w, https:\/\/blogue.collection-souvenir.com\/wp-content\/uploads\/2023\/10\/carte2-1-1024x1013.png 1024w, https:\/\/blogue.collection-souvenir.com\/wp-content\/uploads\/2023\/10\/carte2-1-1536x1520.png 1536w\" sizes=\"(max-width: 768px) 100vw, 768px\" \/>\t\t\t\t\t\t\t\t<\/a>\n\t\t\t\t\t\t\t\t\t\t\t\t\t\t\t<\/div>\n\t\t\t\t<\/div>\n\t\t\t\t\t<\/div>\n\t\t<\/div>\n\t\t\t\t<div class=\"elementor-column elementor-col-20 elementor-top-column elementor-element elementor-element-cebb918\" data-id=\"cebb918\" data-element_type=\"column\" data-e-type=\"column\">\n\t\t\t<div class=\"elementor-widget-wrap elementor-element-populated\">\n\t\t\t\t\t\t<div class=\"elementor-element elementor-element-4f3c9a8 elementor-widget elementor-widget-image\" data-id=\"4f3c9a8\" data-element_type=\"widget\" data-e-type=\"widget\" data-widget_type=\"image.default\">\n\t\t\t\t<div class=\"elementor-widget-container\">\n\t\t\t\t\t\t\t\t\t\t\t\t\t\t\t\t<a href=\"https:\/\/blogue.collection-souvenir.com\/en\/2022\/11\/01\/bannieres-commemoratives-personnalisees\/\">\n\t\t\t\t\t\t\t<img loading=\"lazy\" decoding=\"async\" width=\"430\" height=\"953\" src=\"https:\/\/blogue.collection-souvenir.com\/wp-content\/uploads\/2018\/11\/banniere-commemorative.png\" class=\"attachment-medium_large size-medium_large wp-image-7020\" alt=\"banni\u00e8re-comm\u00e9morative Collection-Souvenir\" srcset=\"https:\/\/blogue.collection-souvenir.com\/wp-content\/uploads\/2018\/11\/banniere-commemorative.png 430w, https:\/\/blogue.collection-souvenir.com\/wp-content\/uploads\/2018\/11\/banniere-commemorative-135x300.png 135w, https:\/\/blogue.collection-souvenir.com\/wp-content\/uploads\/2018\/11\/banniere-commemorative-5x12.png 5w\" sizes=\"(max-width: 430px) 100vw, 430px\" \/>\t\t\t\t\t\t\t\t<\/a>\n\t\t\t\t\t\t\t\t\t\t\t\t\t\t\t<\/div>\n\t\t\t\t<\/div>\n\t\t\t\t\t<\/div>\n\t\t<\/div>\n\t\t\t\t<div class=\"elementor-column elementor-col-20 elementor-top-column elementor-element elementor-element-3348676\" data-id=\"3348676\" data-element_type=\"column\" data-e-type=\"column\">\n\t\t\t<div class=\"elementor-widget-wrap elementor-element-populated\">\n\t\t\t\t\t\t<div class=\"elementor-element elementor-element-8dfa89e elementor-widget elementor-widget-image\" data-id=\"8dfa89e\" data-element_type=\"widget\" data-e-type=\"widget\" data-widget_type=\"image.default\">\n\t\t\t\t<div class=\"elementor-widget-container\">\n\t\t\t\t\t\t\t\t\t\t\t\t\t\t\t\t<a href=\"https:\/\/blogue.collection-souvenir.com\/en\/2021\/10\/01\/deco-cristal\/\">\n\t\t\t\t\t\t\t<img loading=\"lazy\" decoding=\"async\" width=\"499\" height=\"404\" src=\"https:\/\/blogue.collection-souvenir.com\/wp-content\/uploads\/2021\/10\/collection-souvenir-deco-cristal.jpg\" class=\"attachment-medium_large size-medium_large wp-image-1463\" alt=\"ornement comm\u00e9moratif Deco-Cristal\" srcset=\"https:\/\/blogue.collection-souvenir.com\/wp-content\/uploads\/2021\/10\/collection-souvenir-deco-cristal.jpg 499w, https:\/\/blogue.collection-souvenir.com\/wp-content\/uploads\/2021\/10\/collection-souvenir-deco-cristal-300x243.jpg 300w, https:\/\/blogue.collection-souvenir.com\/wp-content\/uploads\/2021\/10\/collection-souvenir-deco-cristal-15x12.jpg 15w\" sizes=\"(max-width: 499px) 100vw, 499px\" \/>\t\t\t\t\t\t\t\t<\/a>\n\t\t\t\t\t\t\t\t\t\t\t\t\t\t\t<\/div>\n\t\t\t\t<\/div>\n\t\t\t\t\t<\/div>\n\t\t<\/div>\n\t\t\t\t<div class=\"elementor-column elementor-col-20 elementor-top-column elementor-element elementor-element-0f34796\" data-id=\"0f34796\" data-element_type=\"column\" data-e-type=\"column\">\n\t\t\t<div class=\"elementor-widget-wrap elementor-element-populated\">\n\t\t\t\t\t\t<div class=\"elementor-element elementor-element-268d854 elementor-widget elementor-widget-image\" data-id=\"268d854\" data-element_type=\"widget\" data-e-type=\"widget\" data-widget_type=\"image.default\">\n\t\t\t\t<div class=\"elementor-widget-container\">\n\t\t\t\t\t\t\t\t\t\t\t\t\t\t\t\t<a href=\"https:\/\/blogue.collection-souvenir.com\/en\/2025\/05\/05\/preserver-les-recits-personnels-et-culturels-avec-histoires-de-vie-ca\/\">\n\t\t\t\t\t\t\t<img loading=\"lazy\" decoding=\"async\" width=\"768\" height=\"536\" src=\"https:\/\/blogue.collection-souvenir.com\/wp-content\/uploads\/2018\/11\/histoires-de-vie.ca_-768x536.png\" class=\"attachment-medium_large size-medium_large wp-image-7021\" alt=\"packaging histoires-de-vie.ca\" srcset=\"https:\/\/blogue.collection-souvenir.com\/wp-content\/uploads\/2018\/11\/histoires-de-vie.ca_-768x536.png 768w, https:\/\/blogue.collection-souvenir.com\/wp-content\/uploads\/2018\/11\/histoires-de-vie.ca_-300x210.png 300w, https:\/\/blogue.collection-souvenir.com\/wp-content\/uploads\/2018\/11\/histoires-de-vie.ca_-18x12.png 18w, https:\/\/blogue.collection-souvenir.com\/wp-content\/uploads\/2018\/11\/histoires-de-vie.ca_.png 786w\" sizes=\"(max-width: 768px) 100vw, 768px\" \/>\t\t\t\t\t\t\t\t<\/a>\n\t\t\t\t\t\t\t\t\t\t\t\t\t\t\t<\/div>\n\t\t\t\t<\/div>\n\t\t\t\t\t<\/div>\n\t\t<\/div>\n\t\t\t\t\t<\/div>\n\t\t<\/section>\n\t\t\t\t<section class=\"elementor-section elementor-top-section elementor-element elementor-element-a122088 elementor-hidden-mobile elementor-section-boxed elementor-section-height-default elementor-section-height-default\" data-id=\"a122088\" data-element_type=\"section\" data-e-type=\"section\">\n\t\t\t\t\t\t<div class=\"elementor-container elementor-column-gap-default\">\n\t\t\t\t\t<div class=\"elementor-column elementor-col-20 elementor-top-column elementor-element elementor-element-fe3f8f3\" data-id=\"fe3f8f3\" data-element_type=\"column\" data-e-type=\"column\">\n\t\t\t<div class=\"elementor-widget-wrap elementor-element-populated\">\n\t\t\t\t\t\t<div class=\"elementor-element elementor-element-7790105 elementor-widget elementor-widget-text-editor\" data-id=\"7790105\" data-element_type=\"widget\" data-e-type=\"widget\" data-widget_type=\"text-editor.default\">\n\t\t\t\t<div class=\"elementor-widget-container\">\n\t\t\t\t\t\t\t\t\t<p><span style=\"text-decoration: underline;\"><a href=\"https:\/\/blogue.collection-souvenir.com\/en\/2022\/10\/28\/plateforme-de-creation-dobjets-commemoratifs\/\">Plateforme de cr\u00e9ation<\/a><\/span><\/p>\t\t\t\t\t\t\t\t<\/div>\n\t\t\t\t<\/div>\n\t\t\t\t\t<\/div>\n\t\t<\/div>\n\t\t\t\t<div class=\"elementor-column elementor-col-20 elementor-top-column elementor-element elementor-element-be20646\" data-id=\"be20646\" data-element_type=\"column\" data-e-type=\"column\">\n\t\t\t<div class=\"elementor-widget-wrap elementor-element-populated\">\n\t\t\t\t\t\t<div class=\"elementor-element elementor-element-169229b elementor-widget elementor-widget-text-editor\" data-id=\"169229b\" data-element_type=\"widget\" data-e-type=\"widget\" data-widget_type=\"text-editor.default\">\n\t\t\t\t<div class=\"elementor-widget-container\">\n\t\t\t\t\t\t\t\t\t<p><a href=\"https:\/\/blogue.collection-souvenir.com\/en\/2023\/10\/18\/cartes-funeraires-pop-up\/\"><span style=\"text-decoration: underline;\">Cartes 3D comm\u00e9moratives Dimension-Souvenir<\/span><\/a><\/p>\t\t\t\t\t\t\t\t<\/div>\n\t\t\t\t<\/div>\n\t\t\t\t\t<\/div>\n\t\t<\/div>\n\t\t\t\t<div class=\"elementor-column elementor-col-20 elementor-top-column elementor-element elementor-element-152a797\" data-id=\"152a797\" data-element_type=\"column\" data-e-type=\"column\">\n\t\t\t<div class=\"elementor-widget-wrap elementor-element-populated\">\n\t\t\t\t\t\t<div class=\"elementor-element elementor-element-585580b elementor-widget elementor-widget-text-editor\" data-id=\"585580b\" data-element_type=\"widget\" data-e-type=\"widget\" data-widget_type=\"text-editor.default\">\n\t\t\t\t<div class=\"elementor-widget-container\">\n\t\t\t\t\t\t\t\t\t<p><span style=\"text-decoration: underline;\"><a href=\"https:\/\/blogue.collection-souvenir.com\/en\/2022\/11\/01\/bannieres-commemoratives-personnalisees\/\">Banni\u00e8res comm\u00e9moratives<\/a><\/span><\/p>\t\t\t\t\t\t\t\t<\/div>\n\t\t\t\t<\/div>\n\t\t\t\t\t<\/div>\n\t\t<\/div>\n\t\t\t\t<div class=\"elementor-column elementor-col-20 elementor-top-column elementor-element elementor-element-f83bc76\" data-id=\"f83bc76\" data-element_type=\"column\" data-e-type=\"column\">\n\t\t\t<div class=\"elementor-widget-wrap elementor-element-populated\">\n\t\t\t\t\t\t<div class=\"elementor-element elementor-element-6416938 elementor-widget elementor-widget-text-editor\" data-id=\"6416938\" data-element_type=\"widget\" data-e-type=\"widget\" data-widget_type=\"text-editor.default\">\n\t\t\t\t<div class=\"elementor-widget-container\">\n\t\t\t\t\t\t\t\t\t<p><span style=\"text-decoration: underline;\"><a href=\"https:\/\/blogue.collection-souvenir.com\/en\/2021\/10\/01\/deco-cristal\/\">Ornements comm\u00e9moratifs D\u00e9cos Cristal<\/a><\/span><\/p>\t\t\t\t\t\t\t\t<\/div>\n\t\t\t\t<\/div>\n\t\t\t\t\t<\/div>\n\t\t<\/div>\n\t\t\t\t<div class=\"elementor-column elementor-col-20 elementor-top-column elementor-element elementor-element-45f8afb\" data-id=\"45f8afb\" data-element_type=\"column\" data-e-type=\"column\">\n\t\t\t<div class=\"elementor-widget-wrap elementor-element-populated\">\n\t\t\t\t\t\t<div class=\"elementor-element elementor-element-9377ff6 elementor-widget elementor-widget-text-editor\" data-id=\"9377ff6\" data-element_type=\"widget\" data-e-type=\"widget\" data-widget_type=\"text-editor.default\">\n\t\t\t\t<div class=\"elementor-widget-container\">\n\t\t\t\t\t\t\t\t\t<p><span style=\"text-decoration: underline;\"><a href=\"https:\/\/blogue.collection-souvenir.com\/en\/2025\/05\/05\/preserver-les-recits-personnels-et-culturels-avec-histoires-de-vie-ca\/\">M\u00e9morial virtuel Histoires de Vie.ca<\/a><\/span><\/p>\t\t\t\t\t\t\t\t<\/div>\n\t\t\t\t<\/div>\n\t\t\t\t\t<\/div>\n\t\t<\/div>\n\t\t\t\t\t<\/div>\n\t\t<\/section>\n\t\t\t\t<section class=\"elementor-section elementor-top-section elementor-element elementor-element-d185d8e elementor-hidden-desktop elementor-hidden-tablet elementor-section-boxed elementor-section-height-default elementor-section-height-default\" data-id=\"d185d8e\" data-element_type=\"section\" data-e-type=\"section\">\n\t\t\t\t\t\t<div class=\"elementor-container elementor-column-gap-default\">\n\t\t\t\t\t<div class=\"elementor-column elementor-col-100 elementor-top-column elementor-element elementor-element-848066c\" data-id=\"848066c\" data-element_type=\"column\" data-e-type=\"column\">\n\t\t\t<div class=\"elementor-widget-wrap elementor-element-populated\">\n\t\t\t\t\t\t<div class=\"elementor-element elementor-element-8a2f83b elementor-widget elementor-widget-heading\" data-id=\"8a2f83b\" data-element_type=\"widget\" data-e-type=\"widget\" data-widget_type=\"heading.default\">\n\t\t\t\t<div class=\"elementor-widget-container\">\n\t\t\t\t\t<h2 class=\"elementor-heading-title elementor-size-default\">Voir nos objets comm\u00e9moratifs<\/h2>\t\t\t\t<\/div>\n\t\t\t\t<\/div>\n\t\t\t\t\t<\/div>\n\t\t<\/div>\n\t\t\t\t\t<\/div>\n\t\t<\/section>\n\t\t\t\t<section class=\"elementor-section elementor-top-section elementor-element elementor-element-0062011 elementor-hidden-desktop elementor-hidden-tablet elementor-section-boxed elementor-section-height-default elementor-section-height-default\" data-id=\"0062011\" data-element_type=\"section\" data-e-type=\"section\">\n\t\t\t\t\t\t<div class=\"elementor-container elementor-column-gap-default\">\n\t\t\t\t\t<div class=\"elementor-column elementor-col-20 elementor-top-column elementor-element elementor-element-c298e18\" data-id=\"c298e18\" data-element_type=\"column\" data-e-type=\"column\">\n\t\t\t<div class=\"elementor-widget-wrap elementor-element-populated\">\n\t\t\t\t\t\t<div class=\"elementor-element elementor-element-29274dd elementor-widget elementor-widget-image\" data-id=\"29274dd\" data-element_type=\"widget\" data-e-type=\"widget\" data-widget_type=\"image.default\">\n\t\t\t\t<div class=\"elementor-widget-container\">\n\t\t\t\t\t\t\t\t\t\t\t\t\t\t\t\t<a href=\"https:\/\/blogue.collection-souvenir.com\/en\/2023\/01\/16\/themes-signets-funeraires\/\">\n\t\t\t\t\t\t\t<img decoding=\"async\" width=\"768\" height=\"486\" src=\"https:\/\/blogue.collection-souvenir.com\/wp-content\/uploads\/2023\/01\/signets-metiers-vert-768x486.png\" class=\"attachment-medium_large size-medium_large wp-image-2282\" alt=\"signets-fun\u00e9raires\" srcset=\"https:\/\/blogue.collection-souvenir.com\/wp-content\/uploads\/2023\/01\/signets-metiers-vert-768x486.png 768w, https:\/\/blogue.collection-souvenir.com\/wp-content\/uploads\/2023\/01\/signets-metiers-vert-300x190.png 300w, https:\/\/blogue.collection-souvenir.com\/wp-content\/uploads\/2023\/01\/signets-metiers-vert-1024x648.png 1024w, https:\/\/blogue.collection-souvenir.com\/wp-content\/uploads\/2023\/01\/signets-metiers-vert-1536x972.png 1536w, https:\/\/blogue.collection-souvenir.com\/wp-content\/uploads\/2023\/01\/signets-metiers-vert-2048x1296.png 2048w, https:\/\/blogue.collection-souvenir.com\/wp-content\/uploads\/2023\/01\/signets-metiers-vert-18x12.png 18w\" sizes=\"(max-width: 768px) 100vw, 768px\" \/>\t\t\t\t\t\t\t\t<\/a>\n\t\t\t\t\t\t\t\t\t\t\t\t\t\t\t<\/div>\n\t\t\t\t<\/div>\n\t\t\t\t<div class=\"elementor-element elementor-element-5355f97 elementor-widget elementor-widget-text-editor\" data-id=\"5355f97\" data-element_type=\"widget\" data-e-type=\"widget\" data-widget_type=\"text-editor.default\">\n\t\t\t\t<div class=\"elementor-widget-container\">\n\t\t\t\t\t\t\t\t\t<p><span style=\"text-decoration: underline;\"><a href=\"https:\/\/blogue.collection-souvenir.com\/en\/2023\/01\/16\/themes-signets-funeraires\/\">Signets fun\u00e9raires<\/a><\/span><\/p>\t\t\t\t\t\t\t\t<\/div>\n\t\t\t\t<\/div>\n\t\t\t\t\t<\/div>\n\t\t<\/div>\n\t\t\t\t<div class=\"elementor-column elementor-col-20 elementor-top-column elementor-element elementor-element-1a1436e\" data-id=\"1a1436e\" data-element_type=\"column\" data-e-type=\"column\">\n\t\t\t<div class=\"elementor-widget-wrap elementor-element-populated\">\n\t\t\t\t\t\t<div class=\"elementor-element elementor-element-73f85c5 elementor-widget elementor-widget-image\" data-id=\"73f85c5\" data-element_type=\"widget\" data-e-type=\"widget\" data-widget_type=\"image.default\">\n\t\t\t\t<div class=\"elementor-widget-container\">\n\t\t\t\t\t\t\t\t\t\t\t\t\t\t\t\t<a href=\"https:\/\/blogue.collection-souvenir.com\/en\/2021\/10\/31\/portrait-souvenir\/\">\n\t\t\t\t\t\t\t<img decoding=\"async\" width=\"200\" height=\"258\" src=\"https:\/\/blogue.collection-souvenir.com\/wp-content\/uploads\/2022\/10\/collection-souvenir-toile-elegance.jpg\" class=\"attachment-medium_large size-medium_large wp-image-1533\" alt=\"portrait-souvenir\" srcset=\"https:\/\/blogue.collection-souvenir.com\/wp-content\/uploads\/2022\/10\/collection-souvenir-toile-elegance.jpg 200w, https:\/\/blogue.collection-souvenir.com\/wp-content\/uploads\/2022\/10\/collection-souvenir-toile-elegance-9x12.jpg 9w\" sizes=\"(max-width: 200px) 100vw, 200px\" \/>\t\t\t\t\t\t\t\t<\/a>\n\t\t\t\t\t\t\t\t\t\t\t\t\t\t\t<\/div>\n\t\t\t\t<\/div>\n\t\t\t\t<div class=\"elementor-element elementor-element-760da83 elementor-widget elementor-widget-text-editor\" data-id=\"760da83\" data-element_type=\"widget\" data-e-type=\"widget\" data-widget_type=\"text-editor.default\">\n\t\t\t\t<div class=\"elementor-widget-container\">\n\t\t\t\t\t\t\t\t\t<p><a href=\"https:\/\/blogue.collection-souvenir.com\/en\/2021\/10\/31\/portrait-souvenir\/\"><span style=\"text-decoration: underline;\">Portraits souvenirs<\/span><\/a><\/p>\t\t\t\t\t\t\t\t<\/div>\n\t\t\t\t<\/div>\n\t\t\t\t\t<\/div>\n\t\t<\/div>\n\t\t\t\t<div class=\"elementor-column elementor-col-20 elementor-top-column elementor-element elementor-element-ee78fbd\" data-id=\"ee78fbd\" data-element_type=\"column\" data-e-type=\"column\">\n\t\t\t<div class=\"elementor-widget-wrap elementor-element-populated\">\n\t\t\t\t\t\t<div class=\"elementor-element elementor-element-77ef01d elementor-widget elementor-widget-image\" data-id=\"77ef01d\" data-element_type=\"widget\" data-e-type=\"widget\" data-widget_type=\"image.default\">\n\t\t\t\t<div class=\"elementor-widget-container\">\n\t\t\t\t\t\t\t\t\t\t\t\t\t\t\t\t<a href=\"https:\/\/blogue.collection-souvenir.com\/en\/2023\/01\/19\/bougies-bougeoirs\/\">\n\t\t\t\t\t\t\t<img loading=\"lazy\" decoding=\"async\" width=\"768\" height=\"951\" src=\"https:\/\/blogue.collection-souvenir.com\/wp-content\/uploads\/2018\/11\/bougie-bougeoir-768x951.png\" class=\"attachment-medium_large size-medium_large wp-image-7019\" alt=\"bougie et bougeoir fun\u00e9raires\" srcset=\"https:\/\/blogue.collection-souvenir.com\/wp-content\/uploads\/2018\/11\/bougie-bougeoir-768x951.png 768w, https:\/\/blogue.collection-souvenir.com\/wp-content\/uploads\/2018\/11\/bougie-bougeoir-242x300.png 242w, https:\/\/blogue.collection-souvenir.com\/wp-content\/uploads\/2018\/11\/bougie-bougeoir-827x1024.png 827w, https:\/\/blogue.collection-souvenir.com\/wp-content\/uploads\/2018\/11\/bougie-bougeoir-10x12.png 10w, https:\/\/blogue.collection-souvenir.com\/wp-content\/uploads\/2018\/11\/bougie-bougeoir.png 1084w\" sizes=\"(max-width: 768px) 100vw, 768px\" \/>\t\t\t\t\t\t\t\t<\/a>\n\t\t\t\t\t\t\t\t\t\t\t\t\t\t\t<\/div>\n\t\t\t\t<\/div>\n\t\t\t\t<div class=\"elementor-element elementor-element-9fbc320 elementor-widget elementor-widget-text-editor\" data-id=\"9fbc320\" data-element_type=\"widget\" data-e-type=\"widget\" data-widget_type=\"text-editor.default\">\n\t\t\t\t<div class=\"elementor-widget-container\">\n\t\t\t\t\t\t\t\t\t<p><span style=\"text-decoration: underline;\"><a href=\"https:\/\/blogue.collection-souvenir.com\/en\/2023\/01\/19\/bougies-bougeoirs\/\">Bougies\/Bougeoirs<\/a><\/span><\/p>\t\t\t\t\t\t\t\t<\/div>\n\t\t\t\t<\/div>\n\t\t\t\t\t<\/div>\n\t\t<\/div>\n\t\t\t\t<div class=\"elementor-column elementor-col-20 elementor-top-column elementor-element elementor-element-f1a9ec3\" data-id=\"f1a9ec3\" data-element_type=\"column\" data-e-type=\"column\">\n\t\t\t<div class=\"elementor-widget-wrap elementor-element-populated\">\n\t\t\t\t\t\t<div class=\"elementor-element elementor-element-906179f elementor-widget elementor-widget-image\" data-id=\"906179f\" data-element_type=\"widget\" data-e-type=\"widget\" data-widget_type=\"image.default\">\n\t\t\t\t<div class=\"elementor-widget-container\">\n\t\t\t\t\t\t\t\t\t\t\t\t\t\t\t\t<a href=\"https:\/\/blogue.collection-souvenir.com\/en\/2022\/11\/01\/porte-cles-commemoratifs\/\">\n\t\t\t\t\t\t\t<img loading=\"lazy\" decoding=\"async\" width=\"425\" height=\"689\" src=\"https:\/\/blogue.collection-souvenir.com\/wp-content\/uploads\/2022\/11\/Collection-Souvenir-porte-cles.jpg\" class=\"attachment-medium_large size-medium_large wp-image-1704\" alt=\"porte-cl\u00e9s comm\u00e9moratif grav\u00e9\" srcset=\"https:\/\/blogue.collection-souvenir.com\/wp-content\/uploads\/2022\/11\/Collection-Souvenir-porte-cles.jpg 425w, https:\/\/blogue.collection-souvenir.com\/wp-content\/uploads\/2022\/11\/Collection-Souvenir-porte-cles-185x300.jpg 185w, https:\/\/blogue.collection-souvenir.com\/wp-content\/uploads\/2022\/11\/Collection-Souvenir-porte-cles-7x12.jpg 7w\" sizes=\"(max-width: 425px) 100vw, 425px\" \/>\t\t\t\t\t\t\t\t<\/a>\n\t\t\t\t\t\t\t\t\t\t\t\t\t\t\t<\/div>\n\t\t\t\t<\/div>\n\t\t\t\t<div class=\"elementor-element elementor-element-1eff32f elementor-widget elementor-widget-text-editor\" data-id=\"1eff32f\" data-element_type=\"widget\" data-e-type=\"widget\" data-widget_type=\"text-editor.default\">\n\t\t\t\t<div class=\"elementor-widget-container\">\n\t\t\t\t\t\t\t\t\t<p><span style=\"text-decoration: underline;\"><a href=\"https:\/\/blogue.collection-souvenir.com\/en\/2022\/11\/01\/porte-cles-commemoratifs\/\">Porte-cl\u00e9s grav\u00e9s<\/a><\/span><\/p>\t\t\t\t\t\t\t\t<\/div>\n\t\t\t\t<\/div>\n\t\t\t\t\t<\/div>\n\t\t<\/div>\n\t\t\t\t<div class=\"elementor-column elementor-col-20 elementor-top-column elementor-element elementor-element-41edff9\" data-id=\"41edff9\" data-element_type=\"column\" data-e-type=\"column\">\n\t\t\t<div class=\"elementor-widget-wrap elementor-element-populated\">\n\t\t\t\t\t\t<div class=\"elementor-element elementor-element-f894474 elementor-widget elementor-widget-image\" data-id=\"f894474\" data-element_type=\"widget\" data-e-type=\"widget\" data-widget_type=\"image.default\">\n\t\t\t\t<div class=\"elementor-widget-container\">\n\t\t\t\t\t\t\t\t\t\t\t\t\t\t\t\t<a href=\"https:\/\/blogue.collection-souvenir.com\/en\/2022\/11\/01\/photos-sur-porcelaine\/\">\n\t\t\t\t\t\t\t<img loading=\"lazy\" decoding=\"async\" width=\"324\" height=\"440\" src=\"https:\/\/blogue.collection-souvenir.com\/wp-content\/uploads\/2022\/11\/Collection-Souvenir-oval-porcelaine.jpg\" class=\"attachment-medium_large size-medium_large wp-image-1666\" alt=\"\" srcset=\"https:\/\/blogue.collection-souvenir.com\/wp-content\/uploads\/2022\/11\/Collection-Souvenir-oval-porcelaine.jpg 324w, https:\/\/blogue.collection-souvenir.com\/wp-content\/uploads\/2022\/11\/Collection-Souvenir-oval-porcelaine-221x300.jpg 221w, https:\/\/blogue.collection-souvenir.com\/wp-content\/uploads\/2022\/11\/Collection-Souvenir-oval-porcelaine-9x12.jpg 9w\" sizes=\"(max-width: 324px) 100vw, 324px\" \/>\t\t\t\t\t\t\t\t<\/a>\n\t\t\t\t\t\t\t\t\t\t\t\t\t\t\t<\/div>\n\t\t\t\t<\/div>\n\t\t\t\t<div class=\"elementor-element elementor-element-b28eae1 elementor-widget elementor-widget-text-editor\" data-id=\"b28eae1\" data-element_type=\"widget\" data-e-type=\"widget\" data-widget_type=\"text-editor.default\">\n\t\t\t\t<div class=\"elementor-widget-container\">\n\t\t\t\t\t\t\t\t\t<p><span style=\"text-decoration: underline;\"><a href=\"https:\/\/blogue.collection-souvenir.com\/en\/2022\/11\/01\/photos-sur-porcelaine\/\">Photos porcelaines<\/a><\/span><\/p>\t\t\t\t\t\t\t\t<\/div>\n\t\t\t\t<\/div>\n\t\t\t\t\t<\/div>\n\t\t<\/div>\n\t\t\t\t\t<\/div>\n\t\t<\/section>\n\t\t\t\t<section class=\"elementor-section elementor-top-section elementor-element elementor-element-0722cbf elementor-hidden-desktop elementor-hidden-tablet elementor-section-boxed elementor-section-height-default elementor-section-height-default\" data-id=\"0722cbf\" data-element_type=\"section\" data-e-type=\"section\">\n\t\t\t\t\t\t<div class=\"elementor-container elementor-column-gap-default\">\n\t\t\t\t\t<div class=\"elementor-column elementor-col-20 elementor-top-column elementor-element elementor-element-5bf7102\" data-id=\"5bf7102\" data-element_type=\"column\" data-e-type=\"column\">\n\t\t\t<div class=\"elementor-widget-wrap elementor-element-populated\">\n\t\t\t\t\t\t<div class=\"elementor-element elementor-element-287718e elementor-widget elementor-widget-image\" data-id=\"287718e\" data-element_type=\"widget\" data-e-type=\"widget\" data-widget_type=\"image.default\">\n\t\t\t\t<div class=\"elementor-widget-container\">\n\t\t\t\t\t\t\t\t\t\t\t\t\t\t\t\t<a href=\"https:\/\/blogue.collection-souvenir.com\/en\/2022\/10\/28\/plateforme-de-creation-dobjets-commemoratifs\/\">\n\t\t\t\t\t\t\t<img loading=\"lazy\" decoding=\"async\" width=\"768\" height=\"494\" src=\"https:\/\/blogue.collection-souvenir.com\/wp-content\/uploads\/2022\/10\/mac-3-768x494.png\" class=\"attachment-medium_large size-medium_large wp-image-1482\" alt=\"plateforme de cr\u00e9ation d&#039;objets comm\u00e9moratifs\" srcset=\"https:\/\/blogue.collection-souvenir.com\/wp-content\/uploads\/2022\/10\/mac-3-768x494.png 768w, https:\/\/blogue.collection-souvenir.com\/wp-content\/uploads\/2022\/10\/mac-3-300x193.png 300w, https:\/\/blogue.collection-souvenir.com\/wp-content\/uploads\/2022\/10\/mac-3-1024x659.png 1024w, https:\/\/blogue.collection-souvenir.com\/wp-content\/uploads\/2022\/10\/mac-3-1536x988.png 1536w, https:\/\/blogue.collection-souvenir.com\/wp-content\/uploads\/2022\/10\/mac-3-2048x1317.png 2048w, https:\/\/blogue.collection-souvenir.com\/wp-content\/uploads\/2022\/10\/mac-3-18x12.png 18w\" sizes=\"(max-width: 768px) 100vw, 768px\" \/>\t\t\t\t\t\t\t\t<\/a>\n\t\t\t\t\t\t\t\t\t\t\t\t\t\t\t<\/div>\n\t\t\t\t<\/div>\n\t\t\t\t<div class=\"elementor-element elementor-element-a5e969a elementor-widget elementor-widget-text-editor\" data-id=\"a5e969a\" data-element_type=\"widget\" data-e-type=\"widget\" data-widget_type=\"text-editor.default\">\n\t\t\t\t<div class=\"elementor-widget-container\">\n\t\t\t\t\t\t\t\t\t<p><span style=\"text-decoration: underline;\"><a href=\"https:\/\/blogue.collection-souvenir.com\/en\/2022\/10\/28\/plateforme-de-creation-dobjets-commemoratifs\/\">Plateforme de cr\u00e9ation<\/a><\/span><\/p>\t\t\t\t\t\t\t\t<\/div>\n\t\t\t\t<\/div>\n\t\t\t\t\t<\/div>\n\t\t<\/div>\n\t\t\t\t<div class=\"elementor-column elementor-col-20 elementor-top-column elementor-element elementor-element-4aa0478\" data-id=\"4aa0478\" data-element_type=\"column\" data-e-type=\"column\">\n\t\t\t<div class=\"elementor-widget-wrap elementor-element-populated\">\n\t\t\t\t\t\t<div class=\"elementor-element elementor-element-8f631cc elementor-widget elementor-widget-image\" data-id=\"8f631cc\" data-element_type=\"widget\" data-e-type=\"widget\" data-widget_type=\"image.default\">\n\t\t\t\t<div class=\"elementor-widget-container\">\n\t\t\t\t\t\t\t\t\t\t\t\t\t\t\t\t<a href=\"https:\/\/blogue.collection-souvenir.com\/en\/2023\/10\/18\/cartes-funeraires-pop-up\/\">\n\t\t\t\t\t\t\t<img loading=\"lazy\" decoding=\"async\" width=\"768\" height=\"760\" src=\"https:\/\/blogue.collection-souvenir.com\/wp-content\/uploads\/2023\/10\/carte2-1-768x760.png\" class=\"attachment-medium_large size-medium_large wp-image-3013\" alt=\"carte 3D pop-up Dimension-Souvenir\" srcset=\"https:\/\/blogue.collection-souvenir.com\/wp-content\/uploads\/2023\/10\/carte2-1-768x760.png 768w, https:\/\/blogue.collection-souvenir.com\/wp-content\/uploads\/2023\/10\/carte2-1-300x297.png 300w, https:\/\/blogue.collection-souvenir.com\/wp-content\/uploads\/2023\/10\/carte2-1-1024x1013.png 1024w, https:\/\/blogue.collection-souvenir.com\/wp-content\/uploads\/2023\/10\/carte2-1-1536x1520.png 1536w\" sizes=\"(max-width: 768px) 100vw, 768px\" \/>\t\t\t\t\t\t\t\t<\/a>\n\t\t\t\t\t\t\t\t\t\t\t\t\t\t\t<\/div>\n\t\t\t\t<\/div>\n\t\t\t\t<div class=\"elementor-element elementor-element-fec70c7 elementor-widget elementor-widget-text-editor\" data-id=\"fec70c7\" data-element_type=\"widget\" data-e-type=\"widget\" data-widget_type=\"text-editor.default\">\n\t\t\t\t<div class=\"elementor-widget-container\">\n\t\t\t\t\t\t\t\t\t<p><a href=\"https:\/\/blogue.collection-souvenir.com\/en\/2023\/10\/18\/cartes-funeraires-pop-up\/\"><span style=\"text-decoration: underline;\">Cartes 3D comm\u00e9moratives Dimension-Souvenir<\/span><\/a><\/p>\t\t\t\t\t\t\t\t<\/div>\n\t\t\t\t<\/div>\n\t\t\t\t\t<\/div>\n\t\t<\/div>\n\t\t\t\t<div class=\"elementor-column elementor-col-20 elementor-top-column elementor-element elementor-element-b354ef8\" data-id=\"b354ef8\" data-element_type=\"column\" data-e-type=\"column\">\n\t\t\t<div class=\"elementor-widget-wrap elementor-element-populated\">\n\t\t\t\t\t\t<div class=\"elementor-element elementor-element-f7562f7 elementor-widget elementor-widget-image\" data-id=\"f7562f7\" data-element_type=\"widget\" data-e-type=\"widget\" data-widget_type=\"image.default\">\n\t\t\t\t<div class=\"elementor-widget-container\">\n\t\t\t\t\t\t\t\t\t\t\t\t\t\t\t\t<a href=\"https:\/\/blogue.collection-souvenir.com\/en\/2022\/11\/01\/bannieres-commemoratives-personnalisees\/\">\n\t\t\t\t\t\t\t<img loading=\"lazy\" decoding=\"async\" width=\"430\" height=\"953\" src=\"https:\/\/blogue.collection-souvenir.com\/wp-content\/uploads\/2018\/11\/banniere-commemorative.png\" class=\"attachment-medium_large size-medium_large wp-image-7020\" alt=\"banni\u00e8re-comm\u00e9morative Collection-Souvenir\" srcset=\"https:\/\/blogue.collection-souvenir.com\/wp-content\/uploads\/2018\/11\/banniere-commemorative.png 430w, https:\/\/blogue.collection-souvenir.com\/wp-content\/uploads\/2018\/11\/banniere-commemorative-135x300.png 135w, https:\/\/blogue.collection-souvenir.com\/wp-content\/uploads\/2018\/11\/banniere-commemorative-5x12.png 5w\" sizes=\"(max-width: 430px) 100vw, 430px\" \/>\t\t\t\t\t\t\t\t<\/a>\n\t\t\t\t\t\t\t\t\t\t\t\t\t\t\t<\/div>\n\t\t\t\t<\/div>\n\t\t\t\t<div class=\"elementor-element elementor-element-924d79a elementor-widget elementor-widget-text-editor\" data-id=\"924d79a\" data-element_type=\"widget\" data-e-type=\"widget\" data-widget_type=\"text-editor.default\">\n\t\t\t\t<div class=\"elementor-widget-container\">\n\t\t\t\t\t\t\t\t\t<p><span style=\"text-decoration: underline;\"><a href=\"https:\/\/blogue.collection-souvenir.com\/en\/2022\/11\/01\/bannieres-commemoratives-personnalisees\/\">Banni\u00e8res comm\u00e9moratives<\/a><\/span><\/p>\t\t\t\t\t\t\t\t<\/div>\n\t\t\t\t<\/div>\n\t\t\t\t\t<\/div>\n\t\t<\/div>\n\t\t\t\t<div class=\"elementor-column elementor-col-20 elementor-top-column elementor-element elementor-element-40fae64\" data-id=\"40fae64\" data-element_type=\"column\" data-e-type=\"column\">\n\t\t\t<div class=\"elementor-widget-wrap elementor-element-populated\">\n\t\t\t\t\t\t<div class=\"elementor-element elementor-element-deaf181 elementor-widget elementor-widget-image\" data-id=\"deaf181\" data-element_type=\"widget\" data-e-type=\"widget\" data-widget_type=\"image.default\">\n\t\t\t\t<div class=\"elementor-widget-container\">\n\t\t\t\t\t\t\t\t\t\t\t\t\t\t\t\t<a href=\"https:\/\/blogue.collection-souvenir.com\/en\/2021\/10\/01\/deco-cristal\/\">\n\t\t\t\t\t\t\t<img loading=\"lazy\" decoding=\"async\" width=\"499\" height=\"404\" src=\"https:\/\/blogue.collection-souvenir.com\/wp-content\/uploads\/2021\/10\/collection-souvenir-deco-cristal.jpg\" class=\"attachment-medium_large size-medium_large wp-image-1463\" alt=\"ornement comm\u00e9moratif Deco-Cristal\" srcset=\"https:\/\/blogue.collection-souvenir.com\/wp-content\/uploads\/2021\/10\/collection-souvenir-deco-cristal.jpg 499w, https:\/\/blogue.collection-souvenir.com\/wp-content\/uploads\/2021\/10\/collection-souvenir-deco-cristal-300x243.jpg 300w, https:\/\/blogue.collection-souvenir.com\/wp-content\/uploads\/2021\/10\/collection-souvenir-deco-cristal-15x12.jpg 15w\" sizes=\"(max-width: 499px) 100vw, 499px\" \/>\t\t\t\t\t\t\t\t<\/a>\n\t\t\t\t\t\t\t\t\t\t\t\t\t\t\t<\/div>\n\t\t\t\t<\/div>\n\t\t\t\t<div class=\"elementor-element elementor-element-2f0e2d6 elementor-widget elementor-widget-text-editor\" data-id=\"2f0e2d6\" data-element_type=\"widget\" data-e-type=\"widget\" data-widget_type=\"text-editor.default\">\n\t\t\t\t<div class=\"elementor-widget-container\">\n\t\t\t\t\t\t\t\t\t<p><span style=\"text-decoration: underline;\"><a href=\"https:\/\/blogue.collection-souvenir.com\/en\/2021\/10\/01\/deco-cristal\/\">Ornements comm\u00e9moratifs D\u00e9cos Cristal<\/a><\/span><\/p>\t\t\t\t\t\t\t\t<\/div>\n\t\t\t\t<\/div>\n\t\t\t\t\t<\/div>\n\t\t<\/div>\n\t\t\t\t<div class=\"elementor-column elementor-col-20 elementor-top-column elementor-element elementor-element-874352e\" data-id=\"874352e\" data-element_type=\"column\" data-e-type=\"column\">\n\t\t\t<div class=\"elementor-widget-wrap elementor-element-populated\">\n\t\t\t\t\t\t<div class=\"elementor-element elementor-element-f44020b elementor-widget elementor-widget-image\" data-id=\"f44020b\" data-element_type=\"widget\" data-e-type=\"widget\" data-widget_type=\"image.default\">\n\t\t\t\t<div class=\"elementor-widget-container\">\n\t\t\t\t\t\t\t\t\t\t\t\t\t\t\t\t<a href=\"https:\/\/blogue.collection-souvenir.com\/en\/2025\/05\/05\/preserver-les-recits-personnels-et-culturels-avec-histoires-de-vie-ca\/\">\n\t\t\t\t\t\t\t<img loading=\"lazy\" decoding=\"async\" width=\"768\" height=\"536\" src=\"https:\/\/blogue.collection-souvenir.com\/wp-content\/uploads\/2018\/11\/histoires-de-vie.ca_-768x536.png\" class=\"attachment-medium_large size-medium_large wp-image-7021\" alt=\"packaging histoires-de-vie.ca\" srcset=\"https:\/\/blogue.collection-souvenir.com\/wp-content\/uploads\/2018\/11\/histoires-de-vie.ca_-768x536.png 768w, https:\/\/blogue.collection-souvenir.com\/wp-content\/uploads\/2018\/11\/histoires-de-vie.ca_-300x210.png 300w, https:\/\/blogue.collection-souvenir.com\/wp-content\/uploads\/2018\/11\/histoires-de-vie.ca_-18x12.png 18w, https:\/\/blogue.collection-souvenir.com\/wp-content\/uploads\/2018\/11\/histoires-de-vie.ca_.png 786w\" sizes=\"(max-width: 768px) 100vw, 768px\" \/>\t\t\t\t\t\t\t\t<\/a>\n\t\t\t\t\t\t\t\t\t\t\t\t\t\t\t<\/div>\n\t\t\t\t<\/div>\n\t\t\t\t<div class=\"elementor-element elementor-element-9f4861d elementor-widget elementor-widget-text-editor\" data-id=\"9f4861d\" data-element_type=\"widget\" data-e-type=\"widget\" data-widget_type=\"text-editor.default\">\n\t\t\t\t<div class=\"elementor-widget-container\">\n\t\t\t\t\t\t\t\t\t<p><span style=\"text-decoration: underline;\"><a href=\"https:\/\/blogue.collection-souvenir.com\/en\/2025\/05\/05\/preserver-les-recits-personnels-et-culturels-avec-histoires-de-vie-ca\/\">M\u00e9morial virtuel Histoires de Vie.ca<\/a><\/span><\/p>\t\t\t\t\t\t\t\t<\/div>\n\t\t\t\t<\/div>\n\t\t\t\t\t<\/div>\n\t\t<\/div>\n\t\t\t\t\t<\/div>\n\t\t<\/section>\n\t\t\t\t<\/div>","protected":false},"excerpt":{"rendered":"<p>Facebook Linkedin La puissance des souvenirs tangibles dans le processus de deuil Le deuil est une exp\u00e9rience universelle, mais il demeure profond\u00e9ment intime et unique pour chaque individu. \u00c0 travers l\u2019histoire et les cultures, les souvenirs tangibles \u2013 tels que les objets comm\u00e9moratifs, les photos ou les artefacts \u2013 ont aid\u00e9 les endeuill\u00e9s \u00e0 naviguer&hellip;&nbsp;<a href=\"https:\/\/blogue.collection-souvenir.com\/en\/2025\/09\/22\/souvenirs-tangibles-dans-le-processus-de-deuil\/\" rel=\"bookmark\">Read More &raquo;<span class=\"screen-reader-text\">La puissance des souvenirs tangibles dans le processus de deuil<\/span><\/a><\/p>","protected":false},"author":1,"featured_media":0,"comment_status":"open","ping_status":"closed","sticky":false,"template":"","format":"standard","meta":{"neve_meta_sidebar":"","neve_meta_container":"","neve_meta_enable_content_width":"","neve_meta_content_width":0,"neve_meta_title_alignment":"","neve_meta_author_avatar":"","neve_post_elements_order":"[\"thumbnail\",\"meta\",\"content\",\"post-navigation\"]","neve_meta_disable_header":"","neve_meta_disable_footer":"on","neve_meta_disable_title":"","footnotes":""},"categories":[3],"tags":[60,59,61],"class_list":["post-5248","post","type-post","status-publish","format-standard","hentry","category-francais-fr","tag-objet-memoire","tag-souvenirs","tag-therapie-par-les-objets"],"yoast_head":"<!-- This site is optimized with the Yoast SEO plugin v27.5 - https:\/\/yoast.com\/product\/yoast-seo-wordpress\/ -->\n<title>La puissance des souvenirs tangibles dans le processus de deuil<\/title>\n<meta name=\"description\" content=\"D\u00e9couvrez comment les souvenirs tangibles soutiennent le processus de deuil en offrant r\u00e9confort, ancrage \u00e9motionnel et connexion durable.\" \/>\n<meta name=\"robots\" content=\"index, follow, max-snippet:-1, max-image-preview:large, max-video-preview:-1\" \/>\n<link rel=\"canonical\" href=\"https:\/\/blogue.collection-souvenir.com\/en\/2025\/09\/22\/souvenirs-tangibles-dans-le-processus-de-deuil\/\" \/>\n<meta property=\"og:locale\" content=\"en_US\" \/>\n<meta property=\"og:type\" content=\"article\" \/>\n<meta property=\"og:title\" content=\"La puissance des souvenirs tangibles dans le processus de deuil\" \/>\n<meta property=\"og:description\" content=\"D\u00e9couvrez comment les souvenirs tangibles soutiennent le processus de deuil en offrant r\u00e9confort, ancrage \u00e9motionnel et connexion durable.\" \/>\n<meta property=\"og:url\" content=\"https:\/\/blogue.collection-souvenir.com\/en\/2025\/09\/22\/souvenirs-tangibles-dans-le-processus-de-deuil\/\" \/>\n<meta property=\"og:site_name\" content=\"Blogue Collection-Souvenir\" \/>\n<meta property=\"article:publisher\" content=\"https:\/\/www.facebook.com\/CollectionSouvenir\/\" \/>\n<meta property=\"article:published_time\" content=\"2025-09-22T10:00:00+00:00\" \/>\n<meta property=\"article:modified_time\" content=\"2026-04-30T14:20:29+00:00\" \/>\n<meta property=\"og:image\" content=\"https:\/\/blogue.collection-souvenir.com\/wp-content\/uploads\/2025\/09\/la_puissance_des_souvenirs_tangibles_dans_le_processus_de_deuil-768x431.jpg\" \/>\n<meta name=\"author\" content=\"blogue\" \/>\n<meta name=\"twitter:card\" content=\"summary_large_image\" \/>\n<meta name=\"twitter:label1\" content=\"Written by\" \/>\n\t<meta name=\"twitter:data1\" content=\"blogue\" \/>\n\t<meta name=\"twitter:label2\" content=\"Est. reading time\" \/>\n\t<meta name=\"twitter:data2\" content=\"11 minutes\" \/>\n<script type=\"application\/ld+json\" class=\"yoast-schema-graph\">{\"@context\":\"https:\\\/\\\/schema.org\",\"@graph\":[{\"@type\":\"Article\",\"@id\":\"https:\\\/\\\/blogue.collection-souvenir.com\\\/2025\\\/09\\\/22\\\/souvenirs-tangibles-dans-le-processus-de-deuil\\\/#article\",\"isPartOf\":{\"@id\":\"https:\\\/\\\/blogue.collection-souvenir.com\\\/2025\\\/09\\\/22\\\/souvenirs-tangibles-dans-le-processus-de-deuil\\\/\"},\"author\":{\"name\":\"blogue\",\"@id\":\"https:\\\/\\\/blogue.collection-souvenir.com\\\/#\\\/schema\\\/person\\\/9e509cada4c89897038da5f3f8040591\"},\"headline\":\"La puissance des souvenirs tangibles dans le processus de deuil\",\"datePublished\":\"2025-09-22T10:00:00+00:00\",\"dateModified\":\"2026-04-30T14:20:29+00:00\",\"mainEntityOfPage\":{\"@id\":\"https:\\\/\\\/blogue.collection-souvenir.com\\\/2025\\\/09\\\/22\\\/souvenirs-tangibles-dans-le-processus-de-deuil\\\/\"},\"wordCount\":1439,\"commentCount\":0,\"publisher\":{\"@id\":\"https:\\\/\\\/blogue.collection-souvenir.com\\\/#organization\"},\"image\":{\"@id\":\"https:\\\/\\\/blogue.collection-souvenir.com\\\/2025\\\/09\\\/22\\\/souvenirs-tangibles-dans-le-processus-de-deuil\\\/#primaryimage\"},\"thumbnailUrl\":\"https:\\\/\\\/blogue.collection-souvenir.com\\\/wp-content\\\/uploads\\\/2025\\\/09\\\/la_puissance_des_souvenirs_tangibles_dans_le_processus_de_deuil-768x431.jpg\",\"keywords\":[\"objet m\u00e9moire\",\"souvenirs\",\"th\u00e9rapie par les objets\"],\"articleSection\":[\"Fran\u00e7ais\"],\"inLanguage\":\"en-CA\",\"potentialAction\":[{\"@type\":\"CommentAction\",\"name\":\"Comment\",\"target\":[\"https:\\\/\\\/blogue.collection-souvenir.com\\\/2025\\\/09\\\/22\\\/souvenirs-tangibles-dans-le-processus-de-deuil\\\/#respond\"]}]},{\"@type\":\"WebPage\",\"@id\":\"https:\\\/\\\/blogue.collection-souvenir.com\\\/2025\\\/09\\\/22\\\/souvenirs-tangibles-dans-le-processus-de-deuil\\\/\",\"url\":\"https:\\\/\\\/blogue.collection-souvenir.com\\\/2025\\\/09\\\/22\\\/souvenirs-tangibles-dans-le-processus-de-deuil\\\/\",\"name\":\"La puissance des souvenirs tangibles dans le processus de deuil\",\"isPartOf\":{\"@id\":\"https:\\\/\\\/blogue.collection-souvenir.com\\\/#website\"},\"primaryImageOfPage\":{\"@id\":\"https:\\\/\\\/blogue.collection-souvenir.com\\\/2025\\\/09\\\/22\\\/souvenirs-tangibles-dans-le-processus-de-deuil\\\/#primaryimage\"},\"image\":{\"@id\":\"https:\\\/\\\/blogue.collection-souvenir.com\\\/2025\\\/09\\\/22\\\/souvenirs-tangibles-dans-le-processus-de-deuil\\\/#primaryimage\"},\"thumbnailUrl\":\"https:\\\/\\\/blogue.collection-souvenir.com\\\/wp-content\\\/uploads\\\/2025\\\/09\\\/la_puissance_des_souvenirs_tangibles_dans_le_processus_de_deuil-768x431.jpg\",\"datePublished\":\"2025-09-22T10:00:00+00:00\",\"dateModified\":\"2026-04-30T14:20:29+00:00\",\"description\":\"D\u00e9couvrez comment les souvenirs tangibles soutiennent le processus de deuil en offrant r\u00e9confort, ancrage \u00e9motionnel et connexion durable.\",\"breadcrumb\":{\"@id\":\"https:\\\/\\\/blogue.collection-souvenir.com\\\/2025\\\/09\\\/22\\\/souvenirs-tangibles-dans-le-processus-de-deuil\\\/#breadcrumb\"},\"inLanguage\":\"en-CA\",\"potentialAction\":[{\"@type\":\"ReadAction\",\"target\":[\"https:\\\/\\\/blogue.collection-souvenir.com\\\/2025\\\/09\\\/22\\\/souvenirs-tangibles-dans-le-processus-de-deuil\\\/\"]}]},{\"@type\":\"ImageObject\",\"inLanguage\":\"en-CA\",\"@id\":\"https:\\\/\\\/blogue.collection-souvenir.com\\\/2025\\\/09\\\/22\\\/souvenirs-tangibles-dans-le-processus-de-deuil\\\/#primaryimage\",\"url\":\"https:\\\/\\\/blogue.collection-souvenir.com\\\/wp-content\\\/uploads\\\/2025\\\/09\\\/la_puissance_des_souvenirs_tangibles_dans_le_processus_de_deuil-768x431.jpg\",\"contentUrl\":\"https:\\\/\\\/blogue.collection-souvenir.com\\\/wp-content\\\/uploads\\\/2025\\\/09\\\/la_puissance_des_souvenirs_tangibles_dans_le_processus_de_deuil-768x431.jpg\"},{\"@type\":\"BreadcrumbList\",\"@id\":\"https:\\\/\\\/blogue.collection-souvenir.com\\\/2025\\\/09\\\/22\\\/souvenirs-tangibles-dans-le-processus-de-deuil\\\/#breadcrumb\",\"itemListElement\":[{\"@type\":\"ListItem\",\"position\":1,\"name\":\"Accueil\",\"item\":\"https:\\\/\\\/blogue.collection-souvenir.com\\\/\"},{\"@type\":\"ListItem\",\"position\":2,\"name\":\"La puissance des souvenirs tangibles dans le processus de deuil\"}]},{\"@type\":\"WebSite\",\"@id\":\"https:\\\/\\\/blogue.collection-souvenir.com\\\/#website\",\"url\":\"https:\\\/\\\/blogue.collection-souvenir.com\\\/\",\"name\":\"Blog Collection-Souvenir\",\"description\":\"L&#039;actualit\u00e9 fun\u00e9raire du Qu\u00e9bec et du Canada\",\"publisher\":{\"@id\":\"https:\\\/\\\/blogue.collection-souvenir.com\\\/#organization\"},\"alternateName\":\"Items Collection-Souvenir\",\"potentialAction\":[{\"@type\":\"SearchAction\",\"target\":{\"@type\":\"EntryPoint\",\"urlTemplate\":\"https:\\\/\\\/blogue.collection-souvenir.com\\\/?s={search_term_string}\"},\"query-input\":{\"@type\":\"PropertyValueSpecification\",\"valueRequired\":true,\"valueName\":\"search_term_string\"}}],\"inLanguage\":\"en-CA\"},{\"@type\":\"Organization\",\"@id\":\"https:\\\/\\\/blogue.collection-souvenir.com\\\/#organization\",\"name\":\"Collection-Souvenir\",\"alternateName\":\"CS\",\"url\":\"https:\\\/\\\/blogue.collection-souvenir.com\\\/\",\"logo\":{\"@type\":\"ImageObject\",\"inLanguage\":\"en-CA\",\"@id\":\"https:\\\/\\\/blogue.collection-souvenir.com\\\/#\\\/schema\\\/logo\\\/image\\\/\",\"url\":\"https:\\\/\\\/blogue.collection-souvenir.com\\\/wp-content\\\/uploads\\\/2023\\\/02\\\/collection-souvenir.jpg\",\"contentUrl\":\"https:\\\/\\\/blogue.collection-souvenir.com\\\/wp-content\\\/uploads\\\/2023\\\/02\\\/collection-souvenir.jpg\",\"width\":335,\"height\":335,\"caption\":\"Collection-Souvenir\"},\"image\":{\"@id\":\"https:\\\/\\\/blogue.collection-souvenir.com\\\/#\\\/schema\\\/logo\\\/image\\\/\"},\"sameAs\":[\"https:\\\/\\\/www.facebook.com\\\/CollectionSouvenir\\\/\",\"https:\\\/\\\/www.instagram.com\\\/groupecollectionsouvenir\\\/\",\"https:\\\/\\\/www.linkedin.com\\\/company\\\/collection-souvenir\\\/\"]},{\"@type\":\"Person\",\"@id\":\"https:\\\/\\\/blogue.collection-souvenir.com\\\/#\\\/schema\\\/person\\\/9e509cada4c89897038da5f3f8040591\",\"name\":\"blogue\",\"image\":{\"@type\":\"ImageObject\",\"inLanguage\":\"en-CA\",\"@id\":\"https:\\\/\\\/secure.gravatar.com\\\/avatar\\\/144e269a03c8c24a1fd2234f999b14e8902caec6b1b1436d8d91e5ea54e0a977?s=96&d=mm&r=g\",\"url\":\"https:\\\/\\\/secure.gravatar.com\\\/avatar\\\/144e269a03c8c24a1fd2234f999b14e8902caec6b1b1436d8d91e5ea54e0a977?s=96&d=mm&r=g\",\"contentUrl\":\"https:\\\/\\\/secure.gravatar.com\\\/avatar\\\/144e269a03c8c24a1fd2234f999b14e8902caec6b1b1436d8d91e5ea54e0a977?s=96&d=mm&r=g\",\"caption\":\"blogue\"},\"sameAs\":[\"https:\\\/\\\/blogue.collection-souvenir.com\"],\"url\":\"https:\\\/\\\/blogue.collection-souvenir.com\\\/en\\\/author\\\/blogue\\\/\"}]}<\/script>\n<!-- \/ Yoast SEO plugin. -->","yoast_head_json":{"title":"La puissance des souvenirs tangibles dans le processus de deuil","description":"D\u00e9couvrez comment les souvenirs tangibles soutiennent le processus de deuil en offrant r\u00e9confort, ancrage \u00e9motionnel et connexion durable.","robots":{"index":"index","follow":"follow","max-snippet":"max-snippet:-1","max-image-preview":"max-image-preview:large","max-video-preview":"max-video-preview:-1"},"canonical":"https:\/\/blogue.collection-souvenir.com\/en\/2025\/09\/22\/souvenirs-tangibles-dans-le-processus-de-deuil\/","og_locale":"en_US","og_type":"article","og_title":"La puissance des souvenirs tangibles dans le processus de deuil","og_description":"D\u00e9couvrez comment les souvenirs tangibles soutiennent le processus de deuil en offrant r\u00e9confort, ancrage \u00e9motionnel et connexion durable.","og_url":"https:\/\/blogue.collection-souvenir.com\/en\/2025\/09\/22\/souvenirs-tangibles-dans-le-processus-de-deuil\/","og_site_name":"Blogue Collection-Souvenir","article_publisher":"https:\/\/www.facebook.com\/CollectionSouvenir\/","article_published_time":"2025-09-22T10:00:00+00:00","article_modified_time":"2026-04-30T14:20:29+00:00","og_image":[{"url":"https:\/\/blogue.collection-souvenir.com\/wp-content\/uploads\/2025\/09\/la_puissance_des_souvenirs_tangibles_dans_le_processus_de_deuil-768x431.jpg","type":"","width":"","height":""}],"author":"blogue","twitter_card":"summary_large_image","twitter_misc":{"Written by":"blogue","Est. reading time":"11 minutes"},"schema":{"@context":"https:\/\/schema.org","@graph":[{"@type":"Article","@id":"https:\/\/blogue.collection-souvenir.com\/2025\/09\/22\/souvenirs-tangibles-dans-le-processus-de-deuil\/#article","isPartOf":{"@id":"https:\/\/blogue.collection-souvenir.com\/2025\/09\/22\/souvenirs-tangibles-dans-le-processus-de-deuil\/"},"author":{"name":"blogue","@id":"https:\/\/blogue.collection-souvenir.com\/#\/schema\/person\/9e509cada4c89897038da5f3f8040591"},"headline":"La puissance des souvenirs tangibles dans le processus de deuil","datePublished":"2025-09-22T10:00:00+00:00","dateModified":"2026-04-30T14:20:29+00:00","mainEntityOfPage":{"@id":"https:\/\/blogue.collection-souvenir.com\/2025\/09\/22\/souvenirs-tangibles-dans-le-processus-de-deuil\/"},"wordCount":1439,"commentCount":0,"publisher":{"@id":"https:\/\/blogue.collection-souvenir.com\/#organization"},"image":{"@id":"https:\/\/blogue.collection-souvenir.com\/2025\/09\/22\/souvenirs-tangibles-dans-le-processus-de-deuil\/#primaryimage"},"thumbnailUrl":"https:\/\/blogue.collection-souvenir.com\/wp-content\/uploads\/2025\/09\/la_puissance_des_souvenirs_tangibles_dans_le_processus_de_deuil-768x431.jpg","keywords":["objet m\u00e9moire","souvenirs","th\u00e9rapie par les objets"],"articleSection":["Fran\u00e7ais"],"inLanguage":"en-CA","potentialAction":[{"@type":"CommentAction","name":"Comment","target":["https:\/\/blogue.collection-souvenir.com\/2025\/09\/22\/souvenirs-tangibles-dans-le-processus-de-deuil\/#respond"]}]},{"@type":"WebPage","@id":"https:\/\/blogue.collection-souvenir.com\/2025\/09\/22\/souvenirs-tangibles-dans-le-processus-de-deuil\/","url":"https:\/\/blogue.collection-souvenir.com\/2025\/09\/22\/souvenirs-tangibles-dans-le-processus-de-deuil\/","name":"La puissance des souvenirs tangibles dans le processus de deuil","isPartOf":{"@id":"https:\/\/blogue.collection-souvenir.com\/#website"},"primaryImageOfPage":{"@id":"https:\/\/blogue.collection-souvenir.com\/2025\/09\/22\/souvenirs-tangibles-dans-le-processus-de-deuil\/#primaryimage"},"image":{"@id":"https:\/\/blogue.collection-souvenir.com\/2025\/09\/22\/souvenirs-tangibles-dans-le-processus-de-deuil\/#primaryimage"},"thumbnailUrl":"https:\/\/blogue.collection-souvenir.com\/wp-content\/uploads\/2025\/09\/la_puissance_des_souvenirs_tangibles_dans_le_processus_de_deuil-768x431.jpg","datePublished":"2025-09-22T10:00:00+00:00","dateModified":"2026-04-30T14:20:29+00:00","description":"D\u00e9couvrez comment les souvenirs tangibles soutiennent le processus de deuil en offrant r\u00e9confort, ancrage \u00e9motionnel et connexion durable.","breadcrumb":{"@id":"https:\/\/blogue.collection-souvenir.com\/2025\/09\/22\/souvenirs-tangibles-dans-le-processus-de-deuil\/#breadcrumb"},"inLanguage":"en-CA","potentialAction":[{"@type":"ReadAction","target":["https:\/\/blogue.collection-souvenir.com\/2025\/09\/22\/souvenirs-tangibles-dans-le-processus-de-deuil\/"]}]},{"@type":"ImageObject","inLanguage":"en-CA","@id":"https:\/\/blogue.collection-souvenir.com\/2025\/09\/22\/souvenirs-tangibles-dans-le-processus-de-deuil\/#primaryimage","url":"https:\/\/blogue.collection-souvenir.com\/wp-content\/uploads\/2025\/09\/la_puissance_des_souvenirs_tangibles_dans_le_processus_de_deuil-768x431.jpg","contentUrl":"https:\/\/blogue.collection-souvenir.com\/wp-content\/uploads\/2025\/09\/la_puissance_des_souvenirs_tangibles_dans_le_processus_de_deuil-768x431.jpg"},{"@type":"BreadcrumbList","@id":"https:\/\/blogue.collection-souvenir.com\/2025\/09\/22\/souvenirs-tangibles-dans-le-processus-de-deuil\/#breadcrumb","itemListElement":[{"@type":"ListItem","position":1,"name":"Accueil","item":"https:\/\/blogue.collection-souvenir.com\/"},{"@type":"ListItem","position":2,"name":"La puissance des souvenirs tangibles dans le processus de deuil"}]},{"@type":"WebSite","@id":"https:\/\/blogue.collection-souvenir.com\/#website","url":"https:\/\/blogue.collection-souvenir.com\/","name":"Blog Collection-Souvenir","description":"L&#039;actualit\u00e9 fun\u00e9raire du Qu\u00e9bec et du Canada","publisher":{"@id":"https:\/\/blogue.collection-souvenir.com\/#organization"},"alternateName":"Items Collection-Souvenir","potentialAction":[{"@type":"SearchAction","target":{"@type":"EntryPoint","urlTemplate":"https:\/\/blogue.collection-souvenir.com\/?s={search_term_string}"},"query-input":{"@type":"PropertyValueSpecification","valueRequired":true,"valueName":"search_term_string"}}],"inLanguage":"en-CA"},{"@type":"Organization","@id":"https:\/\/blogue.collection-souvenir.com\/#organization","name":"Collection-Souvenir","alternateName":"CS","url":"https:\/\/blogue.collection-souvenir.com\/","logo":{"@type":"ImageObject","inLanguage":"en-CA","@id":"https:\/\/blogue.collection-souvenir.com\/#\/schema\/logo\/image\/","url":"https:\/\/blogue.collection-souvenir.com\/wp-content\/uploads\/2023\/02\/collection-souvenir.jpg","contentUrl":"https:\/\/blogue.collection-souvenir.com\/wp-content\/uploads\/2023\/02\/collection-souvenir.jpg","width":335,"height":335,"caption":"Collection-Souvenir"},"image":{"@id":"https:\/\/blogue.collection-souvenir.com\/#\/schema\/logo\/image\/"},"sameAs":["https:\/\/www.facebook.com\/CollectionSouvenir\/","https:\/\/www.instagram.com\/groupecollectionsouvenir\/","https:\/\/www.linkedin.com\/company\/collection-souvenir\/"]},{"@type":"Person","@id":"https:\/\/blogue.collection-souvenir.com\/#\/schema\/person\/9e509cada4c89897038da5f3f8040591","name":"blogue","image":{"@type":"ImageObject","inLanguage":"en-CA","@id":"https:\/\/secure.gravatar.com\/avatar\/144e269a03c8c24a1fd2234f999b14e8902caec6b1b1436d8d91e5ea54e0a977?s=96&d=mm&r=g","url":"https:\/\/secure.gravatar.com\/avatar\/144e269a03c8c24a1fd2234f999b14e8902caec6b1b1436d8d91e5ea54e0a977?s=96&d=mm&r=g","contentUrl":"https:\/\/secure.gravatar.com\/avatar\/144e269a03c8c24a1fd2234f999b14e8902caec6b1b1436d8d91e5ea54e0a977?s=96&d=mm&r=g","caption":"blogue"},"sameAs":["https:\/\/blogue.collection-souvenir.com"],"url":"https:\/\/blogue.collection-souvenir.com\/en\/author\/blogue\/"}]}},"_links":{"self":[{"href":"https:\/\/blogue.collection-souvenir.com\/en\/wp-json\/wp\/v2\/posts\/5248","targetHints":{"allow":["GET"]}}],"collection":[{"href":"https:\/\/blogue.collection-souvenir.com\/en\/wp-json\/wp\/v2\/posts"}],"about":[{"href":"https:\/\/blogue.collection-souvenir.com\/en\/wp-json\/wp\/v2\/types\/post"}],"author":[{"embeddable":true,"href":"https:\/\/blogue.collection-souvenir.com\/en\/wp-json\/wp\/v2\/users\/1"}],"replies":[{"embeddable":true,"href":"https:\/\/blogue.collection-souvenir.com\/en\/wp-json\/wp\/v2\/comments?post=5248"}],"version-history":[{"count":20,"href":"https:\/\/blogue.collection-souvenir.com\/en\/wp-json\/wp\/v2\/posts\/5248\/revisions"}],"predecessor-version":[{"id":10315,"href":"https:\/\/blogue.collection-souvenir.com\/en\/wp-json\/wp\/v2\/posts\/5248\/revisions\/10315"}],"wp:attachment":[{"href":"https:\/\/blogue.collection-souvenir.com\/en\/wp-json\/wp\/v2\/media?parent=5248"}],"wp:term":[{"taxonomy":"category","embeddable":true,"href":"https:\/\/blogue.collection-souvenir.com\/en\/wp-json\/wp\/v2\/categories?post=5248"},{"taxonomy":"post_tag","embeddable":true,"href":"https:\/\/blogue.collection-souvenir.com\/en\/wp-json\/wp\/v2\/tags?post=5248"}],"curies":[{"name":"wp","href":"https:\/\/api.w.org\/{rel}","templated":true}]}}